{"id":1023,"date":"2025-09-12T18:26:02","date_gmt":"2025-09-13T00:26:02","guid":{"rendered":"https:\/\/radioomax.com\/?p=1023"},"modified":"2025-09-12T18:26:02","modified_gmt":"2025-09-13T00:26:02","slug":"el-frances-martial-se-suma-a-la-constelacion-de-estrellas-europeas-del-monterrey","status":"publish","type":"post","link":"https:\/\/agridulcenoticias.com\/index.php\/2025\/09\/12\/el-frances-martial-se-suma-a-la-constelacion-de-estrellas-europeas-del-monterrey\/","title":{"rendered":"El franc\u00e9s Martial se suma a la constelaci\u00f3n de estrellas europeas del Monterrey"},"content":{"rendered":"\n<p>Martial ser\u00e1 entrenado por el espa\u00f1ol Dom\u00e8nec Torrent y el primer franc\u00e9s de la historia en militar en los Rayados<\/p>\n\n\n\n<p>El delantero franc\u00e9s Anthony Martial se sum\u00f3 este viernes a la constelaci\u00f3n de estrellas europeas de los Rayados del Monterrey del f\u00fatbol mexicano, en el que milita el central espa\u00f1ol Sergio Ramos.<\/p>\n\n\n\n<p>En una nota de prensa, el club regio dio a conocer el fichaje del galo de 29 a\u00f1os, quien proviene del AEK de Atenas griego.<\/p>\n\n\n\n<p>Martial firm\u00f3 un contrato que lo vincula al club del norte de M\u00e9xico hasta 2027, con opci\u00f3n a extenderlo un a\u00f1o m\u00e1s, seg\u00fan informaci\u00f3n del equipo, cinco veces campe\u00f3n de M\u00e9xico.<\/p>\n\n\n\n<p>Oriundo de Massy, el artillero ha sido 30 veces internacional con la selecci\u00f3n de Francia, a la que ayud\u00f3 a ganar la Liga de Naciones de Europa de la temporada 2020-2021 y a ser subcampeona de la Eurocopa 2016.<\/p>\n\n\n\n<p>Entre los equipos a los que ha pertenecido sobresalen el M\u00f3naco, el Sevilla espa\u00f1ol y el Manchester United ingl\u00e9s, en el que en 2015 obtuvo el premio Golden Boy, que reconoce al mejor futbolista joven de Europa y que han ganado jugadores como el argentino Lionel Messi, el espa\u00f1ol Cesc F\u00e1bregas y el franc\u00e9s Kylian Mbapp\u00e9.<\/p>\n\n\n\n<p>Su mejor etapa como futbolista fue en el Manchester United, en el que disput\u00f3 317 partidos, marc\u00f3 90 goles y conquist\u00f3 t\u00edtulos como la Europa League (2016-17), la FA Cup (2015-2016 y 2023-24), la EFL Cup (2016-2017 y 2022-23) y la FA Community Shield (2016).<\/p>\n\n\n\n<p>Tras salir del United en 2022 cedido al Sevilla, su carrera no ha encontrado regularidad, en parte por lesiones que ha sufrido.<\/p>\n\n\n\n<p>Con el Sevilla apenas estuvo seis meses en los que marc\u00f3 un gol y dio una asistencia en 12 encuentros. Luego, volvi\u00f3 al United y no encontr\u00f3 un lugar hasta salir en julio de 2024 para recalar en el AEK, en el que en 24 partidos anot\u00f3 nueve veces y dio dos pases de gol<\/p>\n\n\n\n<p>En el Monterrey, Martial ser\u00e1 entrenado por el espa\u00f1ol Dom\u00e8nec Torrent, quien tiene la tarea de regresar al mejor nivel al primer franc\u00e9s de la historia en militar en los Rayados.<\/p>\n\n\n\n<p>El atacante se unir\u00e1 a una legi\u00f3n de estrellas europeas en el Monterrey, que tiene a los espa\u00f1oles Ramos, Sergio Canales y Oliver Torres, adem\u00e1s de otros exjugadores de LaLiga espa\u00f1ola: el argentino Lucas Ocampos y Jes\u00fas \u2018Tecatito\u2019 Corona.<\/p>\n\n\n\n<p>El Monterrey es l\u00edder del torneo Apertura 2025, que este viernes comienza su octava jornada, en la que los Rayados se enfrentar\u00e1n el domingo al Quer\u00e9taro.<\/p>\n","protected":false},"excerpt":{"rendered":"<p>Martial ser\u00e1 entrenado por el espa\u00f1ol Dom\u00e8nec Torrent y el primer franc\u00e9s de la historia&#8230;<\/p>\n","protected":false},"author":1,"featured_media":1024,"comment_status":"open","ping_status":"closed","sticky":false,"template":"","format":"standard","meta":{"footnotes":""},"categories":[6],"tags":[],"class_list":["post-1023","post","type-post","status-publish","format-standard","has-post-thumbnail","hentry","category-deportes"],"_links":{"self":[{"href":"https:\/\/agridulcenoticias.com\/index.php\/wp-json\/wp\/v2\/posts\/1023","targetHints":{"allow":["GET"]}}],"collection":[{"href":"https:\/\/agridulcenoticias.com\/index.php\/wp-json\/wp\/v2\/posts"}],"about":[{"href":"https:\/\/agridulcenoticias.com\/index.php\/wp-json\/wp\/v2\/types\/post"}],"author":[{"embeddable":true,"href":"https:\/\/agridulcenoticias.com\/index.php\/wp-json\/wp\/v2\/users\/1"}],"replies":[{"embeddable":true,"href":"https:\/\/agridulcenoticias.com\/index.php\/wp-json\/wp\/v2\/comments?post=1023"}],"version-history":[{"count":0,"href":"https:\/\/agridulcenoticias.com\/index.php\/wp-json\/wp\/v2\/posts\/1023\/revisions"}],"wp:featuredmedia":[{"embeddable":true,"href":"https:\/\/agridulcenoticias.com\/index.php\/wp-json\/wp\/v2\/media\/1024"}],"wp:attachment":[{"href":"https:\/\/agridulcenoticias.com\/index.php\/wp-json\/wp\/v2\/media?parent=1023"}],"wp:term":[{"taxonomy":"category","embeddable":true,"href":"https:\/\/agridulcenoticias.com\/index.php\/wp-json\/wp\/v2\/categories?post=1023"},{"taxonomy":"post_tag","embeddable":true,"href":"https:\/\/agridulcenoticias.com\/index.php\/wp-json\/wp\/v2\/tags?post=1023"}],"curies":[{"name":"wp","href":"https:\/\/api.w.org\/{rel}","templated":true}]}}