{"id":1029,"date":"2025-09-13T18:46:30","date_gmt":"2025-09-14T00:46:30","guid":{"rendered":"https:\/\/radioomax.com\/?p=1029"},"modified":"2025-09-13T18:46:30","modified_gmt":"2025-09-14T00:46:30","slug":"la-fdcsv-forma-generaciones-de-acero","status":"publish","type":"post","link":"https:\/\/agridulcenoticias.com\/index.php\/2025\/09\/13\/la-fdcsv-forma-generaciones-de-acero\/","title":{"rendered":"\u00a1La FDCSV forma Generaciones de Acero!"},"content":{"rendered":"\n<p>La FDCSV celebr\u00f3 la graduaci\u00f3n de 128 nuevos profesionales.<\/p>\n\n\n\n<p>CIUDAD VICTORIA, TAMPS. La Facultad de Derecho y Ciencias Sociales Victoria de la Universidad Aut\u00f3noma de Tamaulipas, celebr\u00f3 con orgullo la Ceremonia de Graduaci\u00f3n 2025-1, en la que 128 egresados de las licenciaturas en Derecho, Ciencias de la Comunicaci\u00f3n, Negocios Internacionales y de la Maestr\u00eda en Derecho y Procesos Orales, culminaron una etapa fundamental en su formaci\u00f3n profesional.<\/p>\n\n\n\n<p>Como se\u00f1al\u00f3 el Director, Dr. Edy Izaguirre Trevi\u00f1o, \u201caqu\u00ed nos quedamos sus maestros formando Generaciones de Acero\u201d, recordando que la Facultad no solo imparte conocimiento, sino tambi\u00e9n valores y compromiso social que acompa\u00f1ar\u00e1n a los graduados en su camino profesional.<\/p>\n\n\n\n<p>El evento, realizado en el Teatro Amalia G. de Castillo Led\u00f3n, destac\u00f3 la visi\u00f3n acad\u00e9mica de la Facultad y la convergencia de generaciones en una era tecnol\u00f3gica, recordando que los valores y principios son atemporales, \u201ccuiden y valoren a su familia, que es la fuente de energ\u00eda y amor que no se encuentra en las redes sociales ni en la inteligencia artificial; debe ser lo m\u00e1s preciado para ustedes\u201d, acot\u00f3.<\/p>\n\n\n\n<p>En representaci\u00f3n del rector de la UAT, M.V. Z. D\u00e1maso Anaya Alvarado, el Dr. Fernando Leal R\u00edos, Secretario de Investigaci\u00f3n y Posgrado, reconoci\u00f3 la transformaci\u00f3n hist\u00f3rica de la Facultad, visible en su comunidad y espacios, y reafirm\u00f3 la importancia del enfoque humanista en la formaci\u00f3n profesional.<\/p>\n\n\n\n<p>Por su parte, en representaci\u00f3n del Gobernador Constitucional del Estado de Tamaulipas, Dr. Am\u00e9rico Villarreal Anaya, el Mtro. Enzo Giovanni de Aranda Gonz\u00e1lez, Coordinador de Comisiones de Planeaci\u00f3n y Programaci\u00f3n, felicit\u00f3 a los graduados por su esfuerzo y talento, \u201cEl Gobernador tiene una visi\u00f3n muy clara: la educaci\u00f3n no es un simple programa de gobierno, sino la herramienta m\u00e1s poderosa para transformar nuestro Estado, con un enfoque humanista y de compromiso social\u201d.<\/p>\n\n\n\n<p>Durante la ceremonia se entregaron constancias y reconocimientos, as\u00ed como la Medalla al M\u00e9rito Universitario \u201cLic. Francisco Hern\u00e1ndez Garc\u00eda\u201d, otorgada a la alumna Ximena Itzamara Rodr\u00edguez Arredondo, destacada por su excelencia acad\u00e9mica, y qui\u00e9n dio un mensaje en nombre de sus compa\u00f1eros.<\/p>\n\n\n\n<p>Tambi\u00e9n se ley\u00f3 la semblanza de la Dra. Luc\u00eda Graciano Casas, en cuyo honor se nombr\u00f3 esta generaci\u00f3n, y se reconoci\u00f3 a los padrinos de generaci\u00f3n: Dr. Edgar Maciel Mart\u00ednez B\u00e1ez, Mtro. Carlos Ra\u00fal Alvarado Reyna, Dra. Gloria Graciela Reyna Hagelsieb y Dr. Edy Izaguirre Trevi\u00f1o.<\/p>\n\n\n\n<p>Previo al pase de lista, las y los docentes Dra. Judith Gabriela Ter\u00e1n Ver\u00e1stegui, Dra. Mar\u00eda Josefina Hern\u00e1ndez Barrera, Mtro. Marte Rodolfo Vanoye Carmona y Dr. Humberto Rub\u00e9n Dragustinovis Perales celebraron a cada alumno, destacando su dedicaci\u00f3n y compromiso durante su formaci\u00f3n acad\u00e9mica, ante madres, padres, amigos y familia de las y los graduandos, as\u00ed como de invitados especiales.<\/p>\n\n\n\n<p>Asistieron tambi\u00e9n la Secretaria Administrativa, Lic. Alba Rosa Leal Monroy y la Secretaria T\u00e9cnica, Mtra. Sandra Guadalupe Garc\u00eda Castillo, cuerpo acad\u00e9mico, administrativo, entre otros miembros de la comunidad universitaria.<\/p>\n\n\n\n<p>La ceremonia se coron\u00f3 con el protocolo Liderazgo B\u00faho, en el que los egresados transmiten simb\u00f3licamente el liderazgo a los estudiantes en formaci\u00f3n, reafirmando la continuidad de los valores y compromisos de la Facultad, adem\u00e1s, con la tradicional toma de fotograf\u00edas que dieron el cierre del evento.<\/p>\n","protected":false},"excerpt":{"rendered":"<p>La FDCSV celebr\u00f3 la graduaci\u00f3n de 128 nuevos profesionales. CIUDAD VICTORIA, TAMPS. La Facultad de&#8230;<\/p>\n","protected":false},"author":1,"featured_media":1030,"comment_status":"open","ping_status":"closed","sticky":false,"template":"","format":"standard","meta":{"footnotes":""},"categories":[11],"tags":[],"class_list":["post-1029","post","type-post","status-publish","format-standard","has-post-thumbnail","hentry","category-uat"],"_links":{"self":[{"href":"https:\/\/agridulcenoticias.com\/index.php\/wp-json\/wp\/v2\/posts\/1029","targetHints":{"allow":["GET"]}}],"collection":[{"href":"https:\/\/agridulcenoticias.com\/index.php\/wp-json\/wp\/v2\/posts"}],"about":[{"href":"https:\/\/agridulcenoticias.com\/index.php\/wp-json\/wp\/v2\/types\/post"}],"author":[{"embeddable":true,"href":"https:\/\/agridulcenoticias.com\/index.php\/wp-json\/wp\/v2\/users\/1"}],"replies":[{"embeddable":true,"href":"https:\/\/agridulcenoticias.com\/index.php\/wp-json\/wp\/v2\/comments?post=1029"}],"version-history":[{"count":0,"href":"https:\/\/agridulcenoticias.com\/index.php\/wp-json\/wp\/v2\/posts\/1029\/revisions"}],"wp:featuredmedia":[{"embeddable":true,"href":"https:\/\/agridulcenoticias.com\/index.php\/wp-json\/wp\/v2\/media\/1030"}],"wp:attachment":[{"href":"https:\/\/agridulcenoticias.com\/index.php\/wp-json\/wp\/v2\/media?parent=1029"}],"wp:term":[{"taxonomy":"category","embeddable":true,"href":"https:\/\/agridulcenoticias.com\/index.php\/wp-json\/wp\/v2\/categories?post=1029"},{"taxonomy":"post_tag","embeddable":true,"href":"https:\/\/agridulcenoticias.com\/index.php\/wp-json\/wp\/v2\/tags?post=1029"}],"curies":[{"name":"wp","href":"https:\/\/api.w.org\/{rel}","templated":true}]}}