{"id":1035,"date":"2025-09-13T18:55:01","date_gmt":"2025-09-14T00:55:01","guid":{"rendered":"https:\/\/radioomax.com\/?p=1035"},"modified":"2025-09-13T18:55:01","modified_gmt":"2025-09-14T00:55:01","slug":"inicia-la-alcaldes-monica-villarreal-programa-de-sustitucion-de-animales-de-carga-por-motocarros","status":"publish","type":"post","link":"https:\/\/agridulcenoticias.com\/index.php\/2025\/09\/13\/inicia-la-alcaldes-monica-villarreal-programa-de-sustitucion-de-animales-de-carga-por-motocarros\/","title":{"rendered":"Inicia la Alcaldes M\u00f3nica Villarreal Programa de Sustituci\u00f3n de Animales de Carga por Motocarros"},"content":{"rendered":"\n<p>TAMPICO, TAM. (09 de septiembre de 2025).- Cumpliendo el compromiso de atender y reducir el maltrato animal, mediante alternativas que no afecten la actividad productiva de la poblaci\u00f3n, la Alcaldesa M\u00f3nica Villarreal Anaya llev\u00f3 a cabo la entrega de dos tricimotos de carga a trabajadores carretoneros, a fin de sustituir las r\u00fasticas unidades de tracci\u00f3n animal.<\/p>\n\n\n\n<p>Durante el acto, la autoridad municipal, acompa\u00f1ada de la titular de Ecolog\u00eda, Yahaira Cruz Aguilar, destac\u00f3 que este programa representa un paso importante hacia una ciudad m\u00e1s humana y responsable, al ofrecer a los trabajadores carretoneros, una herramienta moderna y segura para el desempe\u00f1o de sus actividades productivas.<\/p>\n\n\n\n<p>\u201cEstamos aqu\u00ed dando inicio a este programa, y avanzando en nuestro prop\u00f3sito de proteger a los animales y al mismo tiempo apoyar a quienes por a\u00f1os han trabajado con este medio de sustento. Estamos entregando estas motos de carga a Miguel y Elizabeth, quienes de manera voluntaria eligieron hacer ese cambio por ese amor que le tiene a sus caballos\u201d, explic\u00f3.<\/p>\n\n\n\n<p>M\u00f3nica Villarreal expres\u00f3 que a trav\u00e9s de este programa de sustituci\u00f3n de carretas por unidades motoras, su administraci\u00f3n reafirma el compromiso de impulsar pol\u00edticas que promuevan el bienestar animal, la movilidad urbana y el desarrollo social.<\/p>\n\n\n\n<p>\u201cEstamos muy contentos porque hoy iniciamos esta gran campa\u00f1a en donde damos muestra que estamos en contra del maltrato animal. Este programa es para las personas que s\u00ed cuidan, mantienen y tienen en perfectas condiciones a sus caballos; y que les quieren dar una vida digna, un espacio mejor. Por ello queremos darle a los caballos la posibilidad de disfrutar un libre espacio de jubilaci\u00f3n y de descanso por el trabajo que han realizado por a\u00f1os\u201d, expuso.<\/p>\n\n\n\n<p>Por su parte, Cruz Aguilar, se\u00f1al\u00f3 que los equinos entregados se llevar\u00e1n al Santuario Sendero de la Libertad, donde ser\u00e1n cuidados, disfrutando de su libertad; y sus ex due\u00f1os tendr\u00e1n la oportunidad de ir a visitarlos.<\/p>\n\n\n\n<p>Expuso que este programa va dirigido a las personas que mantengan en \u00f3ptimas condiciones a sus caballos, cumpliendo la normatividad de cuidado y control veterinario.<\/p>\n","protected":false},"excerpt":{"rendered":"<p>TAMPICO, TAM. (09 de septiembre de 2025).- Cumpliendo el compromiso de atender y reducir el&#8230;<\/p>\n","protected":false},"author":1,"featured_media":1036,"comment_status":"open","ping_status":"closed","sticky":false,"template":"","format":"standard","meta":{"footnotes":""},"categories":[5,2],"tags":[],"class_list":["post-1035","post","type-post","status-publish","format-standard","has-post-thumbnail","hentry","category-tamaulipas","category-tampico"],"_links":{"self":[{"href":"https:\/\/agridulcenoticias.com\/index.php\/wp-json\/wp\/v2\/posts\/1035","targetHints":{"allow":["GET"]}}],"collection":[{"href":"https:\/\/agridulcenoticias.com\/index.php\/wp-json\/wp\/v2\/posts"}],"about":[{"href":"https:\/\/agridulcenoticias.com\/index.php\/wp-json\/wp\/v2\/types\/post"}],"author":[{"embeddable":true,"href":"https:\/\/agridulcenoticias.com\/index.php\/wp-json\/wp\/v2\/users\/1"}],"replies":[{"embeddable":true,"href":"https:\/\/agridulcenoticias.com\/index.php\/wp-json\/wp\/v2\/comments?post=1035"}],"version-history":[{"count":0,"href":"https:\/\/agridulcenoticias.com\/index.php\/wp-json\/wp\/v2\/posts\/1035\/revisions"}],"wp:featuredmedia":[{"embeddable":true,"href":"https:\/\/agridulcenoticias.com\/index.php\/wp-json\/wp\/v2\/media\/1036"}],"wp:attachment":[{"href":"https:\/\/agridulcenoticias.com\/index.php\/wp-json\/wp\/v2\/media?parent=1035"}],"wp:term":[{"taxonomy":"category","embeddable":true,"href":"https:\/\/agridulcenoticias.com\/index.php\/wp-json\/wp\/v2\/categories?post=1035"},{"taxonomy":"post_tag","embeddable":true,"href":"https:\/\/agridulcenoticias.com\/index.php\/wp-json\/wp\/v2\/tags?post=1035"}],"curies":[{"name":"wp","href":"https:\/\/api.w.org\/{rel}","templated":true}]}}