{"id":1038,"date":"2025-09-13T18:58:56","date_gmt":"2025-09-14T00:58:56","guid":{"rendered":"https:\/\/radioomax.com\/?p=1038"},"modified":"2025-09-13T18:58:56","modified_gmt":"2025-09-14T00:58:56","slug":"dunia-y-erasmo-apoyan-con-aparatos-a-personas-con-discapacidad-auditiva","status":"publish","type":"post","link":"https:\/\/agridulcenoticias.com\/index.php\/2025\/09\/13\/dunia-y-erasmo-apoyan-con-aparatos-a-personas-con-discapacidad-auditiva\/","title":{"rendered":"Dunia y Erasmo apoyan con aparatos a personas con discapacidad auditiva"},"content":{"rendered":"\n<p>CIUDAD MADERO, TAM. (10 de septiembre de 2025).- Con el firme prop\u00f3sito de mejorar la calidad de vida de quienes m\u00e1s lo necesitan, el Sistema para el Desarrollo Integral de la Familia Ciudad Madero, que preside la Lic. Dunia Mar\u00f3n Acu\u00f1a, quien junto al presidente municipal Erasmo Gonz\u00e1lez Robledo, hicieron la entrega de 46 dispositivos a personas con discapacidad auditiva.<\/p>\n\n\n\n<p>La presidenta del DIF Madero, destac\u00f3 que este logro fue posible gracias al respaldo de la sociedad civil, empresas y ciudadan\u00eda que participaron en la \u201cFiesta Retro\u201d, realizada en junio pasado, cuyos recursos se destinaron \u00edntegramente a la compra de los dispositivos, que vendr\u00e1n a transformar su convivencia familiar.<\/p>\n\n\n\n<p>\u201cHoy no s\u00f3lo entregamos aparatos auditivos, hoy entregamos confianza y bienestar. Gracias a la solidaridad de nuestra gente, logramos que 42 adultos y 4 ni\u00f1os escuchen nuevamente el mundo que los rodea. Esto es lo que significa la confianza que ilumina\u201d, expres\u00f3 la presidenta del Voluntariado Dunia Mar\u00f3n Acu\u00f1a.<\/p>\n\n\n\n<p>Por su parte, el presidente municipal Erasmo Gonz\u00e1lez Robledo, subray\u00f3 la importancia de sumar esfuerzos entre gobierno y sociedad para lograr cambios reales en la vida de las familias. \u201cCada peso que se recaud\u00f3 en la Fiesta Retro se transform\u00f3 en un apoyo tangible. Hoy vemos c\u00f3mo la uni\u00f3n de voluntades se convierte en bienestar y en una mejor calidad de vida para nuestra gente. Este es el rostro humano de nuestra administraci\u00f3n\u201d.<\/p>\n\n\n\n<p>Durante el evento, los primeros beneficiarios recibieron sus aparatos, donde conmovieron al p\u00fablico al escuchar por primera vez con claridad, entre ellos los ni\u00f1os David Emmanuel Garc\u00eda, Santiago Hern\u00e1ndez Zepeda y Hannah Rosmery Meza Cruz. Con estas acciones, el Sistema DIF Madero refrenda su compromiso de estar cerca de la ciudadan\u00eda sumando esfuerzos para iluminar vidas.<\/p>\n","protected":false},"excerpt":{"rendered":"<p>CIUDAD MADERO, TAM. (10 de septiembre de 2025).- Con el firme prop\u00f3sito de mejorar la&#8230;<\/p>\n","protected":false},"author":1,"featured_media":1039,"comment_status":"open","ping_status":"closed","sticky":false,"template":"","format":"standard","meta":{"footnotes":""},"categories":[3,5],"tags":[],"class_list":["post-1038","post","type-post","status-publish","format-standard","has-post-thumbnail","hentry","category-madero","category-tamaulipas"],"_links":{"self":[{"href":"https:\/\/agridulcenoticias.com\/index.php\/wp-json\/wp\/v2\/posts\/1038","targetHints":{"allow":["GET"]}}],"collection":[{"href":"https:\/\/agridulcenoticias.com\/index.php\/wp-json\/wp\/v2\/posts"}],"about":[{"href":"https:\/\/agridulcenoticias.com\/index.php\/wp-json\/wp\/v2\/types\/post"}],"author":[{"embeddable":true,"href":"https:\/\/agridulcenoticias.com\/index.php\/wp-json\/wp\/v2\/users\/1"}],"replies":[{"embeddable":true,"href":"https:\/\/agridulcenoticias.com\/index.php\/wp-json\/wp\/v2\/comments?post=1038"}],"version-history":[{"count":0,"href":"https:\/\/agridulcenoticias.com\/index.php\/wp-json\/wp\/v2\/posts\/1038\/revisions"}],"wp:featuredmedia":[{"embeddable":true,"href":"https:\/\/agridulcenoticias.com\/index.php\/wp-json\/wp\/v2\/media\/1039"}],"wp:attachment":[{"href":"https:\/\/agridulcenoticias.com\/index.php\/wp-json\/wp\/v2\/media?parent=1038"}],"wp:term":[{"taxonomy":"category","embeddable":true,"href":"https:\/\/agridulcenoticias.com\/index.php\/wp-json\/wp\/v2\/categories?post=1038"},{"taxonomy":"post_tag","embeddable":true,"href":"https:\/\/agridulcenoticias.com\/index.php\/wp-json\/wp\/v2\/tags?post=1038"}],"curies":[{"name":"wp","href":"https:\/\/api.w.org\/{rel}","templated":true}]}}