{"id":1047,"date":"2025-09-13T19:14:40","date_gmt":"2025-09-14T01:14:40","guid":{"rendered":"https:\/\/radioomax.com\/?p=1047"},"modified":"2025-09-13T19:14:40","modified_gmt":"2025-09-14T01:14:40","slug":"sheinbaum-encabeza-homenaje-a-las-fuerzas-armadas-y-reconocimiento-a-mujeres-militares","status":"publish","type":"post","link":"https:\/\/agridulcenoticias.com\/index.php\/2025\/09\/13\/sheinbaum-encabeza-homenaje-a-las-fuerzas-armadas-y-reconocimiento-a-mujeres-militares\/","title":{"rendered":"Sheinbaum encabeza homenaje a las Fuerzas Armadas y reconocimiento a mujeres militares"},"content":{"rendered":"\n<p>Claudia Sheinbaum destac\u00f3 el papel de las mujeres en las Fuerzas Armadas durante el 178 aniversario de la gesta heroica de los Ni\u00f1os H\u00e9roes<\/p>\n\n\n\n<p>La presidenta de M\u00e9xico, Claudia Sheinbaum, encabez\u00f3 este s\u00e1bado el inicio de sus primeros festejos patrios como mandataria y comandanta suprema de las Fuerzas Armadas, con una reivindicaci\u00f3n de las mujeres militares en el pa\u00eds, durante la conmemoraci\u00f3n del 178 aniversario de la gesta heroica de los Ni\u00f1os H\u00e9roes.<\/p>\n\n\n\n<p>La mandataria particip\u00f3 en una ceremonia al pie del Castillo de Chapultepec, en la capital mexicana, donde se rindieron honores a los Ni\u00f1os H\u00e9roes, cadetes que murieron en combate en 1847 durante la guerra entre M\u00e9xico y Estados Unidos.<\/p>\n\n\n\n<p>La presidenta pas\u00f3 lista a cada uno de ellos, entreg\u00f3 espadines a nuevos cadetes y escuch\u00f3 la salva de fusiler\u00eda que los integrantes del Heroico Colegio Militar realizaron en honor de los j\u00f3venes h\u00e9roes.<\/p>\n\n\n\n<p>Laura Citlali Miranda Garc\u00eda, cadete de cuarto a\u00f1o de la Polic\u00eda Militar, destac\u00f3 que el papel pionero de Sheinbaum en el cargo inspira a las mexicanas a luchar por metas y creer en sus sue\u00f1os.<\/p>\n\n\n\n<p>\u201cMe llena de orgullo dirigirme a la primera jefa de Estado y comandanta suprema de las Fuerzas Armadas. Usted, se\u00f1ora presidenta, motiva a todas las mujeres a so\u00f1ar en grande y a alcanzar nuestras metas\u201d, expres\u00f3.<\/p>\n\n\n\n<p>La cadete asegur\u00f3 adem\u00e1s que la \u201chaza\u00f1a inmortal\u201d de los j\u00f3venes militares que defendieron al pa\u00eds de la invasi\u00f3n estadounidense en 1847 \u201ces un claro ejemplo para las nuevas generaciones de que los retos\u201d deben afrontarse \u201ccon la misma valent\u00eda y determinaci\u00f3n\u201d.<\/p>\n\n\n\n<p>Por ello, Miranda Garc\u00eda invit\u00f3 a la juventud mexicana a rechazar \u201ctoda tentaci\u00f3n\u201d que conduce \u201ca un camino equivocado, como la drogadicci\u00f3n, la delincuencia y la avaricia\u201c.<\/p>\n\n\n\n<p>Durante la ceremonia, Sheinbaum escuch\u00f3 atenta los discursos y actos encabezados por las Fuerzas Armadas, acompa\u00f1ada por miembros de su gabinete de Gobierno, el presidente de la Suprema Corte de Justicia (SCJN), Hugo Aguilar Ortiz; la presidenta del Senado, Laura Itzel Castillo Ju\u00e1rez; la presidenta de la C\u00e1mara de Diputados, Kenia L\u00f3pez Rabad\u00e1n, y la jefa de Gobierno de la Ciudad de M\u00e9xico, Clara Brugada.<\/p>\n\n\n\n<p>En su turno, el titular de la Secretar\u00eda de la Defensa Nacional (Sedena), Ricardo Trevilla Trejo, destac\u00f3 el rol de las Fuerzas Armadas de continuar el legado de los Ni\u00f1os H\u00e9roes, quienes demostraron que la \u201csoberan\u00eda es un baluarte sagrado que se defiende con la propia vida si fuese necesario\u201d.<\/p>\n\n\n\n<p>\u201cPresidenta le ratificamos a usted y a todos los mexicanos nuestro compromiso de entrega con la naci\u00f3n. Nada nos apartar\u00e1 de las misiones que tenemos encomendadas de defender la integridad, independencia y sobre todo la soberan\u00eda nacional\u201d, afirm\u00f3 el general.<\/p>\n\n\n\n<p>Con este acto de los Ni\u00f1os H\u00e9roes, el Gobierno de M\u00e9xico comenz\u00f3 los festejos de los 215 a\u00f1os del inicio de la independencia de M\u00e9xico, que inici\u00f3 el 15 de septiembre de 1810, y los 204 a\u00f1os de la consumaci\u00f3n de independencia, que ocurri\u00f3 el 27 de septiembre de 1821.<\/p>\n\n\n\n<p>Los primeros festejos patrios de Sheinbaum como presidenta ocurren en un clima de tensi\u00f3n en las Fuerzas Armadas por la presunta implicaci\u00f3n de integrantes de la Secretar\u00eda de la Marina (Semar) en una red de contrabando de combustible, conocido en M\u00e9xico como \u2018huachicol fiscal\u2018.<\/p>\n\n\n\n<p>La semana pasada, las autoridades informaron de la detenci\u00f3n de 10 marinos y funcionarios aduaneros, entre ellos, el vicealmirante Manuel Roberto Far\u00edas Laguna, sobrino pol\u00edtico del extitular de la Semar, de 2018 a 2024, Rafael Ojeda Dur\u00e1n, cercano al entonces presidente Andr\u00e9s Manuel L\u00f3pez Obrador.<\/p>\n","protected":false},"excerpt":{"rendered":"<p>Claudia Sheinbaum destac\u00f3 el papel de las mujeres en las Fuerzas Armadas durante el 178&#8230;<\/p>\n","protected":false},"author":1,"featured_media":1048,"comment_status":"open","ping_status":"closed","sticky":false,"template":"","format":"standard","meta":{"footnotes":""},"categories":[14],"tags":[],"class_list":["post-1047","post","type-post","status-publish","format-standard","has-post-thumbnail","hentry","category-nacional"],"_links":{"self":[{"href":"https:\/\/agridulcenoticias.com\/index.php\/wp-json\/wp\/v2\/posts\/1047","targetHints":{"allow":["GET"]}}],"collection":[{"href":"https:\/\/agridulcenoticias.com\/index.php\/wp-json\/wp\/v2\/posts"}],"about":[{"href":"https:\/\/agridulcenoticias.com\/index.php\/wp-json\/wp\/v2\/types\/post"}],"author":[{"embeddable":true,"href":"https:\/\/agridulcenoticias.com\/index.php\/wp-json\/wp\/v2\/users\/1"}],"replies":[{"embeddable":true,"href":"https:\/\/agridulcenoticias.com\/index.php\/wp-json\/wp\/v2\/comments?post=1047"}],"version-history":[{"count":0,"href":"https:\/\/agridulcenoticias.com\/index.php\/wp-json\/wp\/v2\/posts\/1047\/revisions"}],"wp:featuredmedia":[{"embeddable":true,"href":"https:\/\/agridulcenoticias.com\/index.php\/wp-json\/wp\/v2\/media\/1048"}],"wp:attachment":[{"href":"https:\/\/agridulcenoticias.com\/index.php\/wp-json\/wp\/v2\/media?parent=1047"}],"wp:term":[{"taxonomy":"category","embeddable":true,"href":"https:\/\/agridulcenoticias.com\/index.php\/wp-json\/wp\/v2\/categories?post=1047"},{"taxonomy":"post_tag","embeddable":true,"href":"https:\/\/agridulcenoticias.com\/index.php\/wp-json\/wp\/v2\/tags?post=1047"}],"curies":[{"name":"wp","href":"https:\/\/api.w.org\/{rel}","templated":true}]}}