{"id":1059,"date":"2025-09-14T12:16:53","date_gmt":"2025-09-14T18:16:53","guid":{"rendered":"https:\/\/radioomax.com\/?p=1059"},"modified":"2025-09-14T12:16:53","modified_gmt":"2025-09-14T18:16:53","slug":"mexico-se-prepara-para-el-primer-grito-de-independencia-de-una-presidenta","status":"publish","type":"post","link":"https:\/\/agridulcenoticias.com\/index.php\/2025\/09\/14\/mexico-se-prepara-para-el-primer-grito-de-independencia-de-una-presidenta\/","title":{"rendered":"M\u00e9xico se prepara para el primer Grito de Independencia de una presidenta"},"content":{"rendered":"\n<p>El hecho de que una mujer presidenta encabece el Grito de Independencia es motivo de especial orgullo para muchas mexicanas<\/p>\n\n\n\n<p>Los 46 mil 800 metros cuadrados de la Plaza de la Constituci\u00f3n de la capital mexicana acoger\u00e1n durante la noche de este lunes el primer Grito de Independencia de una presidenta en la historia de M\u00e9xico, despu\u00e9s de 215 a\u00f1os del inicio de la lucha por la emancipaci\u00f3n del imperio espa\u00f1ol en 1810.<\/p>\n\n\n\n<p>La presidenta Claudia Sheinbaum ser\u00e1 la primera mujer en entonar tres veces el en\u00e9rgico \u2018\u00a1Viva M\u00e9xico!\u2018, despu\u00e9s de que 65 presidentes lo hicieran antes que ella frente a los centenares de miles de personas que se re\u00fanen la noche del 15 de septiembre en una de las mayores plazas del mundo, el Z\u00f3calo.<\/p>\n\n\n\n<p>A las 23:00 h local, tras los conciertos de Alejandra \u00c1valos, el grupo Legado de Grandeza y La Arrolladora Banda El Lim\u00f3n, Sheinbaum evocar\u00e1 el llamado a la independencia de 1810, con el tocar de las campanas de Palacio Nacional, el ondeo de la bandera de la rep\u00fablica y brindando honores a los h\u00e9roes patrios de la naci\u00f3n que lucharon durante los 11 a\u00f1os de guerra por la independencia.<\/p>\n\n\n\n<p>El hecho de que una mujer encabece la ceremonia es motivo de especial orgullo para muchas mexicanas, como Marta Garc\u00eda, quien asegura que \u201cya era tiempo de que hubiera una presidenta\u201d, convencida de la necesidad del cambio.<\/p>\n\n\n\n<p>Por su parte, Ang\u00e9lica, que celebrar\u00e1 el evento con su familia y su beb\u00e9 desde su casa en una de las colonias de la capital del pa\u00eds, se\u00f1ala que le \u201cllena de orgullo que sea una mujer\u201d, porque es un ejemplo de que es posible \u201cseguir avanzando\u201d y conseguir \u201cpuestos importantes dentro de esta ilusi\u00f3n\u201d.<\/p>\n\n\n\n<p>M\u00e9xico se prepara para el primer Grito de Independencia de una presidenta &#8211; familia-disfruta-de-la-iluminacion-del-zocalo-capitalino-con-motivo-de-la-independencia-de-mexico<\/p>\n\n\n\n<p>Familia disfruta de la iluminaci\u00f3n del Z\u00f3calo capitalino con motivo de la Independencia de M\u00e9xico. Foto de EFE\/Mario Guzm\u00e1n<\/p>\n\n\n\n<p>Tambi\u00e9n lo ver\u00e1 desde su vivienda Luis Arenas, de 83 a\u00f1os, quien lo seguir\u00e1 \u201ccon la ventaja de la televisi\u00f3n\u201d para celebrar \u201cla libertad que tenemos y que tuvieron todos los pueblos mexicanos\u201d.<\/p>\n\n\n\n<p>\u201cSomos totalmente libres, ya no estamos bajo el yugo de los espa\u00f1oles. Ahora s\u00ed somos libres\u201d, afirm\u00f3.<\/p>\n\n\n\n<p>A pesar de las luces, las banderas, la pirotecnia y el decorado que acompa\u00f1ar\u00e1 a Sheinbaum en su salida al balc\u00f3n de Palacio Nacional, tanto Garc\u00eda como Arenas explican que \u201cantes era mucho m\u00e1s bonito\u201d que ahora, porque ya \u201cse ha diluido y mucha gente ya casi no lo celebra\u201d.<\/p>\n\n\n\n<p>Sin embargo, para muchos, la esencia de la celebraci\u00f3n se mantiene intacta en la intimidad del hogar, donde la familia se re\u00fane alrededor de una cena tradicional con platillos \u201cmuy, muy, muy t\u00edpicos\u201d como el pozole, los tamales o las quesadillas, seg\u00fan explica Yamilet Gonz\u00e1lez, que tambi\u00e9n celebrar\u00e1 la festiva noche en casa.<\/p>\n\n\n\n<p>Aunque dice que la experiencia de vivir el Grito en el Z\u00f3calo es \u201cinigualable\u201d, Ang\u00e9lica expone que la inseguridad es un factor decisivo para muchas familias debido al gran n\u00famero de personas que acuden a la plaza.<\/p>\n\n\n\n<p>Por otro lado, las comunes lluvias de septiembre tambi\u00e9n hacen que muchas personas decidan quedarse en casa. No obstante, otros, como Arenas, exclaman que si llueve \u201cno molesta porque est\u00e1s en pachanga, est\u00e1s en una armon\u00eda con gente\u201d.<\/p>\n\n\n\n<p>\u201cSe siente bien. Es bonito celebrar un 15 de septiembre y 16 de septiembre con el desfile. Es una fiesta totalmente nacional\u201d, exclama.<\/p>\n\n\n\n<p>Por ello, Gonz\u00e1lez invita a los extranjeros a venir a vivir esta \u201cexperiencia agradable, inolvidable\u201d y a sentir el \u201ccari\u00f1o\u201d de M\u00e9xico en uno de sus d\u00edas m\u00e1s importantes del a\u00f1o.<\/p>\n\n\n\n<p>En 2024, el predecesor de Sheinbaum, Andr\u00e9s Manuel L\u00f3pez Obrador (2018-2024), congreg\u00f3 en su \u00faltimo Grito como presidente a 280 mil personas repartidas entre la plaza capitalina y los 700 metros de la Avenida Francisco I. Madero, que la comunican con el Palacio de Bellas Artes.<\/p>\n","protected":false},"excerpt":{"rendered":"<p>El hecho de que una mujer presidenta encabece el Grito de Independencia es motivo de&#8230;<\/p>\n","protected":false},"author":1,"featured_media":1060,"comment_status":"open","ping_status":"closed","sticky":false,"template":"","format":"standard","meta":{"footnotes":""},"categories":[14],"tags":[],"class_list":["post-1059","post","type-post","status-publish","format-standard","has-post-thumbnail","hentry","category-nacional"],"_links":{"self":[{"href":"https:\/\/agridulcenoticias.com\/index.php\/wp-json\/wp\/v2\/posts\/1059","targetHints":{"allow":["GET"]}}],"collection":[{"href":"https:\/\/agridulcenoticias.com\/index.php\/wp-json\/wp\/v2\/posts"}],"about":[{"href":"https:\/\/agridulcenoticias.com\/index.php\/wp-json\/wp\/v2\/types\/post"}],"author":[{"embeddable":true,"href":"https:\/\/agridulcenoticias.com\/index.php\/wp-json\/wp\/v2\/users\/1"}],"replies":[{"embeddable":true,"href":"https:\/\/agridulcenoticias.com\/index.php\/wp-json\/wp\/v2\/comments?post=1059"}],"version-history":[{"count":0,"href":"https:\/\/agridulcenoticias.com\/index.php\/wp-json\/wp\/v2\/posts\/1059\/revisions"}],"wp:featuredmedia":[{"embeddable":true,"href":"https:\/\/agridulcenoticias.com\/index.php\/wp-json\/wp\/v2\/media\/1060"}],"wp:attachment":[{"href":"https:\/\/agridulcenoticias.com\/index.php\/wp-json\/wp\/v2\/media?parent=1059"}],"wp:term":[{"taxonomy":"category","embeddable":true,"href":"https:\/\/agridulcenoticias.com\/index.php\/wp-json\/wp\/v2\/categories?post=1059"},{"taxonomy":"post_tag","embeddable":true,"href":"https:\/\/agridulcenoticias.com\/index.php\/wp-json\/wp\/v2\/tags?post=1059"}],"curies":[{"name":"wp","href":"https:\/\/api.w.org\/{rel}","templated":true}]}}