{"id":1062,"date":"2025-09-14T12:21:47","date_gmt":"2025-09-14T18:21:47","guid":{"rendered":"https:\/\/radioomax.com\/?p=1062"},"modified":"2025-09-14T12:21:47","modified_gmt":"2025-09-14T18:21:47","slug":"accidente-en-la-carretera-merida-campeche-deja-al-menos-15-muertos","status":"publish","type":"post","link":"https:\/\/agridulcenoticias.com\/index.php\/2025\/09\/14\/accidente-en-la-carretera-merida-campeche-deja-al-menos-15-muertos\/","title":{"rendered":"Accidente en la carretera M\u00e9rida-Campeche deja al menos 15 muertos"},"content":{"rendered":"\n<p>El accidente ocurri\u00f3 este s\u00e1bado 13 de septiembre de 2025 justo a la altura del kil\u00f3metro 127 de la carretera M\u00e9rida-Campeche<\/p>\n\n\n\n<p>La Secretar\u00eda de Seguridad P\u00fablica (SSP) de Yucat\u00e1n inform\u00f3 que un accidente en la carretera M\u00e9rida-Campeche deja un saldo de al menos 15 muertos.<\/p>\n\n\n\n<p>En un comunicado este s\u00e1bado 13 de septiembre de 2025, la autoridad estatal indic\u00f3 que el accidente carretero ocurri\u00f3 justo a la altura del kil\u00f3metro 127, en el tramo Chochol\u00e1-Kopom\u00e1.<\/p>\n\n\n\n<p>En el hecho se vieron involucrados un cami\u00f3n de carga, un veh\u00edculo particular y un taxi colectivo.<\/p>\n\n\n\n<p>Al lugar acudieron unidades de bomberos y ambulancias de la SSP Yucat\u00e1n para el control de riesgos, atenci\u00f3n de v\u00edctimas y traslado de heridos.<\/p>\n\n\n\n<p>\u201cEn el lugar se confirmaron 15 personas fallecidas, entre ellas el conductor del tractocami\u00f3n que permanec\u00eda a bordo de la unidad y una persona m\u00e1s calcinada en el interior del taxi colectivo\u201d, se lee en el comunicado.<\/p>\n\n\n\n<p>La SSP de Yucat\u00e1n tambi\u00e9n apunt\u00f3 que dos personas lesionadas fueron atendidas en dicho sitio de la carretera M\u00e9rida-Campeche por param\u00e9dicos de la corporaci\u00f3n.<\/p>\n\n\n\n<p>Se destac\u00f3 que la zona permanece bajo resguardo en coordinaci\u00f3n con la Guardia Nacional para las diligencias correspondientes.<\/p>\n\n\n\n<p>\u201cSe trata de un hecho lamentable que refleja la importancia de la prevenci\u00f3n vial\u201d, lanz\u00f3 la dependencia<\/p>\n\n\n\n<p>\u201cLa corporaci\u00f3n exhorta a la ciudadan\u00eda a extremar precauciones al transitar por carreteras federales, respetar los l\u00edmites de velocidad y atender las disposiciones de seguridad vial para prevenir accidentes\u201d, puntualiz\u00f3 en su mensaje en redes sociales.<\/p>\n\n\n\n<p>El Centro SICT Yucat\u00e1n apunt\u00f3 en redes sociales que el tr\u00e1nsito vehicular en el kil\u00f3metro 127 de la carretera M\u00e9rida-Campeche est\u00e1 detenido en ambos sentidos de la v\u00eda.<\/p>\n\n\n\n<p>\u201cLa @GN_Carreteras y la @sspyuc, coordinan las acciones de auxilio en la zona del accidente\u201d, indic\u00f3.<\/p>\n","protected":false},"excerpt":{"rendered":"<p>El accidente ocurri\u00f3 este s\u00e1bado 13 de septiembre de 2025 justo a la altura del&#8230;<\/p>\n","protected":false},"author":1,"featured_media":1063,"comment_status":"open","ping_status":"closed","sticky":false,"template":"","format":"standard","meta":{"footnotes":""},"categories":[14],"tags":[],"class_list":["post-1062","post","type-post","status-publish","format-standard","has-post-thumbnail","hentry","category-nacional"],"_links":{"self":[{"href":"https:\/\/agridulcenoticias.com\/index.php\/wp-json\/wp\/v2\/posts\/1062","targetHints":{"allow":["GET"]}}],"collection":[{"href":"https:\/\/agridulcenoticias.com\/index.php\/wp-json\/wp\/v2\/posts"}],"about":[{"href":"https:\/\/agridulcenoticias.com\/index.php\/wp-json\/wp\/v2\/types\/post"}],"author":[{"embeddable":true,"href":"https:\/\/agridulcenoticias.com\/index.php\/wp-json\/wp\/v2\/users\/1"}],"replies":[{"embeddable":true,"href":"https:\/\/agridulcenoticias.com\/index.php\/wp-json\/wp\/v2\/comments?post=1062"}],"version-history":[{"count":0,"href":"https:\/\/agridulcenoticias.com\/index.php\/wp-json\/wp\/v2\/posts\/1062\/revisions"}],"wp:featuredmedia":[{"embeddable":true,"href":"https:\/\/agridulcenoticias.com\/index.php\/wp-json\/wp\/v2\/media\/1063"}],"wp:attachment":[{"href":"https:\/\/agridulcenoticias.com\/index.php\/wp-json\/wp\/v2\/media?parent=1062"}],"wp:term":[{"taxonomy":"category","embeddable":true,"href":"https:\/\/agridulcenoticias.com\/index.php\/wp-json\/wp\/v2\/categories?post=1062"},{"taxonomy":"post_tag","embeddable":true,"href":"https:\/\/agridulcenoticias.com\/index.php\/wp-json\/wp\/v2\/tags?post=1062"}],"curies":[{"name":"wp","href":"https:\/\/api.w.org\/{rel}","templated":true}]}}