{"id":1090,"date":"2025-09-15T17:38:16","date_gmt":"2025-09-15T23:38:16","guid":{"rendered":"https:\/\/radioomax.com\/?p=1090"},"modified":"2025-09-15T17:38:16","modified_gmt":"2025-09-15T23:38:16","slug":"en-tamaulipas-crece-el-empleo-que-no-incluye-prestaciones","status":"publish","type":"post","link":"https:\/\/agridulcenoticias.com\/index.php\/2025\/09\/15\/en-tamaulipas-crece-el-empleo-que-no-incluye-prestaciones\/","title":{"rendered":"En Tamaulipas, crece el empleo que no incluye prestaciones"},"content":{"rendered":"\n<p>CIUDAD VICTORIA, TAMPS. En Tamaulipas alrededor de 767 mil 116 personas laboran sin prestaciones de ley, lo que significa que carecen de seguridad social, acceso a servicios de salud y ahorro para el retiro, seg\u00fan cifras recientes del Instituto Nacional de Estad\u00edstica y Geograf\u00eda (INEGI).<\/p>\n\n\n\n<p>La dependencia federal detall\u00f3 que la tasa de informalidad laboral en la entidad alcanz\u00f3 el 46.4 por ciento en el segundo trimestre de este a\u00f1o, lo que coloca a Tamaulipas por encima de la media nacional.<\/p>\n\n\n\n<p>El fen\u00f3meno afecta principalmente a trabajadores del sector comercio, servicios y agroindustria, quienes se ven obligados a aceptar condiciones sin contrato ni prestaciones ante la falta de alternativas en el mercado formal.<\/p>\n\n\n\n<p>Esta situaci\u00f3n genera un impacto negativo en la econom\u00eda estatal, pues limita la recaudaci\u00f3n fiscal y reduce la capacidad de los trabajadores de acceder a cr\u00e9ditos o programas sociales vinculados al empleo formal.<\/p>\n\n\n\n<p>En ciudades como Reynosa, Matamoros y Ciudad Victoria, la informalidad se manifiesta en mercados ambulantes, talleres, transporte y peque\u00f1os comercios que operan sin registro ante el Seguro Social.<\/p>\n\n\n\n<p>El INEGI precis\u00f3 que, aunque en los \u00faltimos a\u00f1os se han anunciado programas de fomento al empleo formal, la tendencia al alza en la informalidad refleja que estas medidas han sido insuficientes frente al crecimiento poblacional y la demanda laboral.<\/p>\n\n\n\n<p>Autoridades laborales de Tamaulipas mantienen un programa de inspecciones y ferias de empleo para promover la formalizaci\u00f3n, sin embargo, la falta de inversi\u00f3n en ciertos sectores limita las oportunidades de transici\u00f3n hacia trabajos con seguridad social.<\/p>\n\n\n\n<p>Con m\u00e1s de tres cuartas partes de mill\u00f3n de personas sin prestaciones en Tamaulipas, se requiere una estrategia integral que combine incentivos fiscales, pol\u00edticas de desarrollo regional y mayor vinculaci\u00f3n entre las empresas y el sector educativo.<\/p>\n","protected":false},"excerpt":{"rendered":"<p>CIUDAD VICTORIA, TAMPS. En Tamaulipas alrededor de 767 mil 116 personas laboran sin prestaciones de&#8230;<\/p>\n","protected":false},"author":1,"featured_media":1091,"comment_status":"open","ping_status":"closed","sticky":false,"template":"","format":"standard","meta":{"footnotes":""},"categories":[5],"tags":[],"class_list":["post-1090","post","type-post","status-publish","format-standard","has-post-thumbnail","hentry","category-tamaulipas"],"_links":{"self":[{"href":"https:\/\/agridulcenoticias.com\/index.php\/wp-json\/wp\/v2\/posts\/1090","targetHints":{"allow":["GET"]}}],"collection":[{"href":"https:\/\/agridulcenoticias.com\/index.php\/wp-json\/wp\/v2\/posts"}],"about":[{"href":"https:\/\/agridulcenoticias.com\/index.php\/wp-json\/wp\/v2\/types\/post"}],"author":[{"embeddable":true,"href":"https:\/\/agridulcenoticias.com\/index.php\/wp-json\/wp\/v2\/users\/1"}],"replies":[{"embeddable":true,"href":"https:\/\/agridulcenoticias.com\/index.php\/wp-json\/wp\/v2\/comments?post=1090"}],"version-history":[{"count":0,"href":"https:\/\/agridulcenoticias.com\/index.php\/wp-json\/wp\/v2\/posts\/1090\/revisions"}],"wp:featuredmedia":[{"embeddable":true,"href":"https:\/\/agridulcenoticias.com\/index.php\/wp-json\/wp\/v2\/media\/1091"}],"wp:attachment":[{"href":"https:\/\/agridulcenoticias.com\/index.php\/wp-json\/wp\/v2\/media?parent=1090"}],"wp:term":[{"taxonomy":"category","embeddable":true,"href":"https:\/\/agridulcenoticias.com\/index.php\/wp-json\/wp\/v2\/categories?post=1090"},{"taxonomy":"post_tag","embeddable":true,"href":"https:\/\/agridulcenoticias.com\/index.php\/wp-json\/wp\/v2\/tags?post=1090"}],"curies":[{"name":"wp","href":"https:\/\/api.w.org\/{rel}","templated":true}]}}