{"id":1096,"date":"2025-09-15T17:48:01","date_gmt":"2025-09-15T23:48:01","guid":{"rendered":"https:\/\/radioomax.com\/?p=1096"},"modified":"2025-09-15T17:48:01","modified_gmt":"2025-09-15T23:48:01","slug":"gobierno-de-paraguay-asegura-que-bermudez-requena-buscaba-iniciar-operaciones-en-el-pais","status":"publish","type":"post","link":"https:\/\/agridulcenoticias.com\/index.php\/2025\/09\/15\/gobierno-de-paraguay-asegura-que-bermudez-requena-buscaba-iniciar-operaciones-en-el-pais\/","title":{"rendered":"Gobierno de Paraguay asegura que Berm\u00fadez Requena buscaba iniciar operaciones en el pa\u00eds"},"content":{"rendered":"\n<p>Autoridades de Paraguay indicaron que Berm\u00fadez Requena no tuvo tiempo para instalar una estructura o red criminal en el pa\u00eds<\/p>\n\n\n\n<p>El titular de la Secretar\u00eda Nacional Antidrogas (Senad) de Paraguay, Jalil Rachid, afirm\u00f3 que la detenci\u00f3n del mexicano Hern\u00e1n Berm\u00fadez Requena, presunto l\u00edder del grupo criminal La Barredora, frustr\u00f3 su intento de instalar sus operaciones en el pa\u00eds, a donde, seg\u00fan las autoridades locales, ingres\u00f3 ilegalmente desde Brasil en una fecha no determinada.<\/p>\n\n\n\n<p>En una rueda de prensa desde la sede de la Senad, en Asunci\u00f3n, donde Berm\u00fadez Requena permanece detenido, el funcionario paraguayo indic\u00f3 que el tambi\u00e9n conocido con el alias el Abuelo o Comandante H ingres\u00f3 \u201chace poco\u201d al pa\u00eds por el punto fronterizo de Foz de Iguaz\u00fa, que comunica con la localidad paraguaya de Ciudad del Este.<\/p>\n\n\n\n<p>Rachid asegur\u00f3 que Berm\u00fadez Requena , quien fue secretario de Seguridad de Tabasco, cruz\u00f3 desde Brasil, pa\u00eds al que lleg\u00f3 procedente de Panam\u00e1, aunque indic\u00f3 que la fecha en la que se instal\u00f3 en territorio paraguayo a\u00fan no ha sido precisada debido a que su entrada al pa\u00eds fue de forma irregular.<\/p>\n\n\n\n<p>En ese contexto, explic\u00f3 que el detenido no tuvo tiempo para instalar una estructura o red criminal en Paraguay.<\/p>\n\n\n\n<p>De haber dado mayor tiempo, s\u00ed pod\u00eda haber instalado alguna red criminal aqu\u00ed en el pa\u00eds\u201d, advirti\u00f3.<\/p>\n\n\n\n<p>Seg\u00fan el titular de la Secretar\u00eda Antidrogas, el presunto l\u00edder de La Barredora se mantuvo en \u201cla clandestinidad\u201d y se mov\u00eda con \u201cun c\u00edrculo muy \u00edntimo\u201d, del que formaba parte su esposa que ha quedado a disposici\u00f3n de la Fiscal\u00eda de Paraguay.<\/p>\n\n\n\n<p>La esposa del ciudadano mexicano, detall\u00f3, tiene un ingreso registrado a Paraguay en agosto para regularizar su situaci\u00f3n migratoria. Las autoridades presumen que entr\u00f3 en mayo ilegalmente.<\/p>\n\n\n\n<p>El funcionario sostuvo que la primera informaci\u00f3n obtenida por las autoridades paraguayas de parte de M\u00e9xico se conoci\u00f3 el 5 de marzo cuando se detectaron movimientos econ\u00f3micos y financieros<\/p>\n\n\n\n<p>El detenido enfrenta cargos en M\u00e9xico por los presuntos delitos de asociaci\u00f3n delictuosa, extorsi\u00f3n y secuestro expr\u00e9s en Tabasco.<\/p>\n\n\n\n<p>Sobre la situaci\u00f3n del detenido, Rachid indic\u00f3 que est\u00e1 en tr\u00e1mite la extradici\u00f3n a M\u00e9xico, pero afirm\u00f3 que depender\u00e1 de los \u201crecursos que \u00e9l pueda interponer\u201d ante la Justicia.<\/p>\n\n\n\n<p>\u201cLa extradici\u00f3n como tal es un proceso bastante engorroso porque requiere documentaciones tanto de M\u00e9xico como de Paraguay (\u2026) Tiene su tiempo, lleva su tiempo\u201d, sostuvo Rachid y expres\u00f3 que espera que eso \u201cse pueda reducir al m\u00e1ximo\u201d.<\/p>\n","protected":false},"excerpt":{"rendered":"<p>Autoridades de Paraguay indicaron que Berm\u00fadez Requena no tuvo tiempo para instalar una estructura o&#8230;<\/p>\n","protected":false},"author":1,"featured_media":1097,"comment_status":"open","ping_status":"closed","sticky":false,"template":"","format":"standard","meta":{"footnotes":""},"categories":[15],"tags":[],"class_list":["post-1096","post","type-post","status-publish","format-standard","has-post-thumbnail","hentry","category-internacional"],"_links":{"self":[{"href":"https:\/\/agridulcenoticias.com\/index.php\/wp-json\/wp\/v2\/posts\/1096","targetHints":{"allow":["GET"]}}],"collection":[{"href":"https:\/\/agridulcenoticias.com\/index.php\/wp-json\/wp\/v2\/posts"}],"about":[{"href":"https:\/\/agridulcenoticias.com\/index.php\/wp-json\/wp\/v2\/types\/post"}],"author":[{"embeddable":true,"href":"https:\/\/agridulcenoticias.com\/index.php\/wp-json\/wp\/v2\/users\/1"}],"replies":[{"embeddable":true,"href":"https:\/\/agridulcenoticias.com\/index.php\/wp-json\/wp\/v2\/comments?post=1096"}],"version-history":[{"count":0,"href":"https:\/\/agridulcenoticias.com\/index.php\/wp-json\/wp\/v2\/posts\/1096\/revisions"}],"wp:featuredmedia":[{"embeddable":true,"href":"https:\/\/agridulcenoticias.com\/index.php\/wp-json\/wp\/v2\/media\/1097"}],"wp:attachment":[{"href":"https:\/\/agridulcenoticias.com\/index.php\/wp-json\/wp\/v2\/media?parent=1096"}],"wp:term":[{"taxonomy":"category","embeddable":true,"href":"https:\/\/agridulcenoticias.com\/index.php\/wp-json\/wp\/v2\/categories?post=1096"},{"taxonomy":"post_tag","embeddable":true,"href":"https:\/\/agridulcenoticias.com\/index.php\/wp-json\/wp\/v2\/tags?post=1096"}],"curies":[{"name":"wp","href":"https:\/\/api.w.org\/{rel}","templated":true}]}}