{"id":1099,"date":"2025-09-15T18:05:20","date_gmt":"2025-09-16T00:05:20","guid":{"rendered":"https:\/\/radioomax.com\/?p=1099"},"modified":"2025-09-15T18:05:20","modified_gmt":"2025-09-16T00:05:20","slug":"detienen-al-conductor-del-autobus-arrollado-por-un-tren-en-atlacomulco-hay-10-muertos","status":"publish","type":"post","link":"https:\/\/agridulcenoticias.com\/index.php\/2025\/09\/15\/detienen-al-conductor-del-autobus-arrollado-por-un-tren-en-atlacomulco-hay-10-muertos\/","title":{"rendered":"Detienen al conductor del autob\u00fas arrollado por un tren en Atlacomulco; hay 10 muertos"},"content":{"rendered":"\n<p>El conductor del autob\u00fas arrollado por un tren en Atlacomulco, accidente que dej\u00f3 10 muertos, fue detenido en Morelia<\/p>\n\n\n\n<p>La Fiscal\u00eda del Estado de M\u00e9xico anunci\u00f3 la detenci\u00f3n del conductor del autob\u00fas de pasajeros que fue arrollado por un tren en Atlacomulco, dejando diez personas muertas.<\/p>\n\n\n\n<p>En un breve comunicado en redes sociales, la dependencia inform\u00f3 que el arresto fue realizado en la ciudad de Morelia, Michoac\u00e1n, en colaboraci\u00f3n con la fiscal\u00eda de ese estado.<\/p>\n\n\n\n<p>El conductor del autob\u00fas arrollado por el tren fue identificado como Gustavo Alfredo \u2018N\u2019, y enfrenta cargos \u201cpor los delitos de homicidio y lesiones\u201c, apunt\u00f3 la autoridad.<\/p>\n\n\n\n<p>\u201cEl detenido era quien conduc\u00eda el autob\u00fas siniestrado contra un tren durante los hechos ocurridos el lunes 8 de septiembre, donde 10 personas perdieron la vida\u201d, asegur\u00f3 la fiscal\u00eda.<\/p>\n\n\n\n<p>Detienen al conductor del autob\u00fas arrollado por un tren en Atlacomulco; hay 10 muertos &#8211; gustavo-alfredo-conductor-del-autobus-arrollado-por-un-tren-en-atlacomulco-edomex<\/p>\n\n\n\n<p>Gustavo Alfredo, conductor del autob\u00fas arrollado por un tren en Atlacomulco. Foto de Fiscal\u00eda Edomex<\/p>\n\n\n\n<p>El pasado lunes 8 de septiembre, Protecci\u00f3n Civil del Estado de M\u00e9xico inform\u00f3 del incidente que ocurri\u00f3 en las primeras horas del d\u00eda, en la carretera federal Atlacomulco\u2013Maravat\u00edo (zona industrial), cuando el ferrocarril impact\u00f3 al autob\u00fas de la l\u00ednea Herradura de Plata.<\/p>\n\n\n\n<p>Diez personas murieron y m\u00e1s de 40 resultaron heridas tras el siniestro, seg\u00fan informaron entonces las autoridades locales.<\/p>\n\n\n\n<p>En redes sociales, circul\u00f3 un video en el que se pod\u00eda ver a varias personas que intentaban ayudar a salir por el techo del autob\u00fas a los pasajeros atrapados, mientras que otros m\u00e1s se encontraban en el suelo.<\/p>\n","protected":false},"excerpt":{"rendered":"<p>El conductor del autob\u00fas arrollado por un tren en Atlacomulco, accidente que dej\u00f3 10 muertos,&#8230;<\/p>\n","protected":false},"author":1,"featured_media":1100,"comment_status":"open","ping_status":"closed","sticky":false,"template":"","format":"standard","meta":{"footnotes":""},"categories":[14],"tags":[],"class_list":["post-1099","post","type-post","status-publish","format-standard","has-post-thumbnail","hentry","category-nacional"],"_links":{"self":[{"href":"https:\/\/agridulcenoticias.com\/index.php\/wp-json\/wp\/v2\/posts\/1099","targetHints":{"allow":["GET"]}}],"collection":[{"href":"https:\/\/agridulcenoticias.com\/index.php\/wp-json\/wp\/v2\/posts"}],"about":[{"href":"https:\/\/agridulcenoticias.com\/index.php\/wp-json\/wp\/v2\/types\/post"}],"author":[{"embeddable":true,"href":"https:\/\/agridulcenoticias.com\/index.php\/wp-json\/wp\/v2\/users\/1"}],"replies":[{"embeddable":true,"href":"https:\/\/agridulcenoticias.com\/index.php\/wp-json\/wp\/v2\/comments?post=1099"}],"version-history":[{"count":0,"href":"https:\/\/agridulcenoticias.com\/index.php\/wp-json\/wp\/v2\/posts\/1099\/revisions"}],"wp:featuredmedia":[{"embeddable":true,"href":"https:\/\/agridulcenoticias.com\/index.php\/wp-json\/wp\/v2\/media\/1100"}],"wp:attachment":[{"href":"https:\/\/agridulcenoticias.com\/index.php\/wp-json\/wp\/v2\/media?parent=1099"}],"wp:term":[{"taxonomy":"category","embeddable":true,"href":"https:\/\/agridulcenoticias.com\/index.php\/wp-json\/wp\/v2\/categories?post=1099"},{"taxonomy":"post_tag","embeddable":true,"href":"https:\/\/agridulcenoticias.com\/index.php\/wp-json\/wp\/v2\/tags?post=1099"}],"curies":[{"name":"wp","href":"https:\/\/api.w.org\/{rel}","templated":true}]}}