{"id":1102,"date":"2025-09-15T18:11:40","date_gmt":"2025-09-16T00:11:40","guid":{"rendered":"https:\/\/radioomax.com\/?p=1102"},"modified":"2025-09-15T18:11:40","modified_gmt":"2025-09-16T00:11:40","slug":"aumentan-a-14-los-muertos-por-la-explosion-de-una-pipa-de-gas-en-iztapalapa","status":"publish","type":"post","link":"https:\/\/agridulcenoticias.com\/index.php\/2025\/09\/15\/aumentan-a-14-los-muertos-por-la-explosion-de-una-pipa-de-gas-en-iztapalapa\/","title":{"rendered":"Aumentan a 14 los muertos por la explosi\u00f3n de una pipa de gas en Iztapalapa"},"content":{"rendered":"\n<p>Secretar\u00eda de Salud de la CDMX dieron un nuevo informe sobre la explosi\u00f3n de una pipa de gas en Iztapalapa ocurrida el 10 de septiembre<\/p>\n\n\n\n<p>La Secretar\u00eda de Salud de la Ciudad de M\u00e9xico actualiz\u00f3 a 14 los muertos por la explosi\u00f3n de una pipa de gas en la Alcald\u00eda Iztapalapa, ocurrida el mi\u00e9rcoles 10 de septiembre de 2025.<\/p>\n\n\n\n<p>En su informe de las 10:00 h de este lunes 15 de septiembre, la dependencia capitalina tambi\u00e9n apunt\u00f3 que 39 personas permanecen hospitalizadas, adem\u00e1s de que otras 30 ya fueron dadas de alta.<\/p>\n\n\n\n<p>Autoridades de la Ciudad de M\u00e9xico indicaron que las investigaciones apuntan a que la explosi\u00f3n de la pipa de gas en Iztapalapa fue causada tras un choque por \u201cexceso de velocidad\u201d, adem\u00e1s de que tambi\u00e9n descartaron la existencia de baches en la zona del accidente<\/p>\n\n\n\n<p>La fiscal de la Ciudad de M\u00e9xico, Bertha Alcalde Luj\u00e1n, explic\u00f3 que hasta ahora los an\u00e1lisis periciales se\u00f1alan que \u201cel golpe fue con el pavimento, con parte del muro\u201d, generando una fractura en el tanque de gas, que caus\u00f3 la fuga del mismo.<\/p>\n\n\n\n<p>\u201cYa tenemos un primer dictamen de hechos de tr\u00e1nsito que nos indica que hubiera un posible exceso de velocidad\u201d, agreg\u00f3.<\/p>\n\n\n\n<p>Asimismo, reconoci\u00f3 que esto puede ser \u201ccontrovertido\u201d porque podr\u00eda implicar un proceso penal contra el conductor del cami\u00f3n de gas, quien se encuentra en condici\u00f3n de salud cr\u00edtica.<\/p>\n\n\n\n<p>Con respecto a una posible responsabilidad de la empresa propietaria del cami\u00f3n, la fiscal se\u00f1al\u00f3 que ya se corrobor\u00f3 que la compa\u00f1\u00eda \u201ccuenta con p\u00f3lizas de seguro vigente\u201d.<\/p>\n\n\n\n<p>Pero tambi\u00e9n dijo que la empresa Transportadora Silza, de Grupo Tomza, \u201cdeber\u00e1 responder por reparaci\u00f3n de da\u00f1o\u201d.<\/p>\n\n\n\n<p>Alcalde Luj\u00e1n precis\u00f3 que los delitos que se investigan penalmente por esta explosi\u00f3n en Iztapalapa son homicidio culposo, lesiones dolosas y da\u00f1os culposos, sobre todo a veh\u00edculos, precis\u00f3.<\/p>\n\n\n\n<p>Alcalde Luj\u00e1n reiter\u00f3 que \u201cno se identific\u00f3 ning\u00fan bache\u201d ni da\u00f1os en el pavimento que provocaran el suceso, de lo que se cuentan con pruebas fotogr\u00e1ficas, en busca de desmentir versiones que han circulado recientemente.<\/p>\n","protected":false},"excerpt":{"rendered":"<p>Secretar\u00eda de Salud de la CDMX dieron un nuevo informe sobre la explosi\u00f3n de una&#8230;<\/p>\n","protected":false},"author":1,"featured_media":1103,"comment_status":"open","ping_status":"closed","sticky":false,"template":"","format":"standard","meta":{"footnotes":""},"categories":[14],"tags":[],"class_list":["post-1102","post","type-post","status-publish","format-standard","has-post-thumbnail","hentry","category-nacional"],"_links":{"self":[{"href":"https:\/\/agridulcenoticias.com\/index.php\/wp-json\/wp\/v2\/posts\/1102","targetHints":{"allow":["GET"]}}],"collection":[{"href":"https:\/\/agridulcenoticias.com\/index.php\/wp-json\/wp\/v2\/posts"}],"about":[{"href":"https:\/\/agridulcenoticias.com\/index.php\/wp-json\/wp\/v2\/types\/post"}],"author":[{"embeddable":true,"href":"https:\/\/agridulcenoticias.com\/index.php\/wp-json\/wp\/v2\/users\/1"}],"replies":[{"embeddable":true,"href":"https:\/\/agridulcenoticias.com\/index.php\/wp-json\/wp\/v2\/comments?post=1102"}],"version-history":[{"count":0,"href":"https:\/\/agridulcenoticias.com\/index.php\/wp-json\/wp\/v2\/posts\/1102\/revisions"}],"wp:featuredmedia":[{"embeddable":true,"href":"https:\/\/agridulcenoticias.com\/index.php\/wp-json\/wp\/v2\/media\/1103"}],"wp:attachment":[{"href":"https:\/\/agridulcenoticias.com\/index.php\/wp-json\/wp\/v2\/media?parent=1102"}],"wp:term":[{"taxonomy":"category","embeddable":true,"href":"https:\/\/agridulcenoticias.com\/index.php\/wp-json\/wp\/v2\/categories?post=1102"},{"taxonomy":"post_tag","embeddable":true,"href":"https:\/\/agridulcenoticias.com\/index.php\/wp-json\/wp\/v2\/tags?post=1102"}],"curies":[{"name":"wp","href":"https:\/\/api.w.org\/{rel}","templated":true}]}}