{"id":1117,"date":"2025-09-16T17:51:45","date_gmt":"2025-09-16T23:51:45","guid":{"rendered":"https:\/\/radioomax.com\/?p=1117"},"modified":"2025-09-16T17:51:45","modified_gmt":"2025-09-16T23:51:45","slug":"claudia-sheinbaum-da-su-primer-grito-de-independencia","status":"publish","type":"post","link":"https:\/\/agridulcenoticias.com\/index.php\/2025\/09\/16\/claudia-sheinbaum-da-su-primer-grito-de-independencia\/","title":{"rendered":"Claudia Sheinbaum da su primer Grito de Independencia"},"content":{"rendered":"\n<p>La presidenta Claudia Sheinbaum dio su primer Grito de Independencia<\/p>\n\n\n\n<p>En un hecho hist\u00f3rico, la presidenta de M\u00e9xico Claudia Sheinbaum Pardo dio su primer Grito de Independencia, el primero que hace una mujer en la historia de M\u00e9xico.<\/p>\n\n\n\n<p>Ante casi 280 mil personas que atiborraron el Z\u00f3calo capitalino la jefa del Ejecutivo federal lanz\u00f3 las tradicionales arengas, en donde -en medio de las diferencias de Estados Unidos- destac\u00f3 la defensa de la soberan\u00eda, la independencia, pero tambi\u00e9n la figura de la mujer mexicana.<\/p>\n\n\n\n<p>En punto de las 22:50 horas, Sheinbaum Pardo, portando la banda presidencial, recorri\u00f3 los pasillos de Palacio Nacional para ser abanderada por la escolta del Heroico Colegio Militar de la Secretar\u00eda de la Defensa Nacional (Sedena), la primera vez conformada totalmente por mujeres.<\/p>\n\n\n\n<p>En el 215 Aniversario del Grito de Independencia, Claudia Sheinbaum emiti\u00f3 las arengas:<\/p>\n\n\n\n<p>\u00a1Viva la Independencia!<\/p>\n\n\n\n<p>\u00a1Viva Miguel Hidalgo y Costilla!<\/p>\n\n\n\n<p>\u00a1Viva Josefa Ortiz T\u00e9llez Gir\u00f3n!<\/p>\n\n\n\n<p>\u00a1Viva Jos\u00e9 Mar\u00eda Morelos y Pav\u00f3n!<\/p>\n\n\n\n<p>\u00a1Viva Leona Vicario!<\/p>\n\n\n\n<p>\u00a1Viva Ignacio Allende!<\/p>\n\n\n\n<p>\u00a1Viva Gertrudis Bocanegra!<\/p>\n\n\n\n<p>\u00a1Viva Vicente Guerrero!<\/p>\n\n\n\n<p>\u00a1Viva Manuela Molina, La Capitana!<\/p>\n\n\n\n<p>\u00a1Viva las hero\u00ednas an\u00f3nimas!<\/p>\n\n\n\n<p>\u00a1Vivan las hero\u00ednas y h\u00e9roes que nos dieron patria!<\/p>\n\n\n\n<p>\u00a1Vivan las mujeres ind\u00edgenas!<\/p>\n\n\n\n<p>\u00a1Viva nuestras hermanas y hermanos migrantes!<\/p>\n\n\n\n<p>\u00a1Viva la dignidad del pueblo de M\u00e9xico!<\/p>\n\n\n\n<p>\u00a1Viva la libertad!<\/p>\n\n\n\n<p>\u00a1Viva la igualdad!<\/p>\n\n\n\n<p>\u00a1Viva la democracia!<\/p>\n\n\n\n<p>\u00a1Viva la justicia!<\/p>\n\n\n\n<p>\u00a1Viva M\u00e9xico libre, independiente y soberano!<\/p>\n\n\n\n<p>\u00a1Viva M\u00e9xico!<\/p>\n\n\n\n<p>\u00a1Viva M\u00e9xico!,<\/p>\n\n\n\n<p>\u00a1Viva M\u00e9xico!, recalc\u00f3.<\/p>\n\n\n\n<p>Tras emitir el tradicional Grito de Independencia, Sheinbaum Pardo observ\u00f3 en compa\u00f1\u00eda de su esposo Jes\u00fas Mar\u00eda Tarriba el espect\u00e1culo de pirotecnia.<\/p>\n\n\n\n<p>\u00bfQui\u00e9nes acompa\u00f1aron a Sheinbaum en su primer Grito de Independencia?<\/p>\n\n\n\n<p>Entre los invitados que estuvieron en los balcones de Palacio Nacional, fue su esposo Jes\u00fas Mar\u00eda Tarriba; la secretaria de Gobernaci\u00f3n (Segob), Rosa Icela Rodr\u00edguez; el secretario de la Defensa Nacional (Sedena), Ricardo Trevilla Trejo; el secretario de la Marina (Semar), Raymundo Pedro Morales.<\/p>\n\n\n\n<p>Tambi\u00e9n estuvieron la Jefa de Gobierno de la CDMX, Clara Brugada Molina, Marcelo Ebrard, Juan Ram\u00f3n de la Fuente, Jes\u00fas Esteva Medina.<\/p>\n\n\n\n<p>\u201cNo nos pod\u00edamos perder este festejo\u201d<\/p>\n\n\n\n<p>Pese a la lluvia intermitente, docenas de miles de personas comenzaron a llegar a la Plaza de la Constituci\u00f3n unas 12 horas antes del Grito desde diversas alcald\u00edas de la Ciudad de M\u00e9xico, de varios estados de la Rep\u00fablica e incluso paisanos que viajaron desde Estados Unidos para ser testigos de este hecho in\u00e9dito en la historia de M\u00e9xico.<\/p>\n\n\n\n<p>Carlos Dur\u00e1n, originario de Michoac\u00e1n, viaj\u00f3 desde Chicago, Illinois, en donde reside desde hace 20 a\u00f1os, para estar presente por primera vez en una ceremonia del Grito, pues indic\u00f3 que nunca hab\u00eda visitado la Ciudad de M\u00e9xico. A un costado de la Bandera Nacional, coment\u00f3 que hab\u00eda planeado este viaje desde inicio del a\u00f1o.<\/p>\n\n\n\n<p>\u201cEs algo muy especial para m\u00ed y mi familia. Yo dej\u00e9 hace 20 a\u00f1os M\u00e9xico y siempre desde ni\u00f1o hab\u00eda visto los Gritos por la tele. Ahora que vivo en el otro lado uno siente m\u00e1s orgullo de ser mexicano y planeamos con toda mi familia este viaje. Nunca hab\u00eda estado en la Ciudad de M\u00e9xico y menos en un Grito. Sentimos mucha emoci\u00f3n porque adem\u00e1s vamos a ver a la Presidenta, la primera Presidenta en la historia, y es un festejo que no nos pod\u00edamos perder\u201d, asegur\u00f3.<\/p>\n\n\n\n<p>A unos metros de all\u00ed se pasea Lupe, una borrega que desde Ecatepec, Estado de M\u00e9xico, viaj\u00f3 portando mo\u00f1os y distintos tricolores.<\/p>\n\n\n\n<p>\u201cEs el primer Grito de Lupe\u201d, dice su due\u00f1o, mientras varias personas no pierden la oportunidad de tomar fotos de tan singular asistente.<\/p>\n\n\n\n<p>Provenientes de Le\u00f3n, Guanajuato, Mar\u00eda y su familia llegaron un d\u00eda antes para asegurarse un lugar al pie del balc\u00f3n presidencial.<\/p>\n\n\n\n<p>\u201cEs un momento hist\u00f3rico para todas las mujeres y para todos los habitantes del pa\u00eds que votaron por Morena, porque hoy se ve reflejado el apoyo de toda la gente en este Z\u00f3calo capitalino\u201d, expres\u00f3 orgullosa, convencida de que este 15 de septiembre quedar\u00e1 grabado en la memoria colectiva.<\/p>\n\n\n\n<p>La noche avanz\u00f3 entre m\u00fasica y celebraciones. A las 20:00 horas, el espect\u00e1culo Legado de grandeza dio inicio a la jornada con un repaso visual y sonoro de la historia de M\u00e9xico. Media hora despu\u00e9s, Alejandra \u00c1valos subi\u00f3 al escenario para interpretar algunos de sus temas.<\/p>\n\n\n\n<p>El punto \u00e1lgido lleg\u00f3 pasadas las 21:30 horas, cuando La Arrolladora Banda El Lim\u00f3n hizo retumbar la Plaza de la Constituci\u00f3n con su repertorio popular, que puso a cantar y bailar a miles.<\/p>\n\n\n\n<p>Con el coraz\u00f3n del pa\u00eds congregado en la plancha, el ambiente era de expectativa. A la par del festejo patrio flotaba la certeza de que la presidenta Sheinbaum enfrentaba su primera gran prueba de comunicaci\u00f3n pol\u00edtica: rendir cuentas tras poco m\u00e1s de 100 d\u00edas de gobierno y marcar la pauta de lo que ser\u00e1 su sexenio.<\/p>\n\n\n\n<p>Entre fuegos artificiales, la noche se volvi\u00f3 s\u00edmbolo: una mujer al frente del Ejecutivo encabezando la tradici\u00f3n m\u00e1s emblem\u00e1tica del pa\u00eds, y miles de voces que corearon con ella el eco de la historia.<\/p>\n","protected":false},"excerpt":{"rendered":"<p>La presidenta Claudia Sheinbaum dio su primer Grito de Independencia En un hecho hist\u00f3rico, la&#8230;<\/p>\n","protected":false},"author":1,"featured_media":1118,"comment_status":"open","ping_status":"closed","sticky":false,"template":"","format":"standard","meta":{"footnotes":""},"categories":[14],"tags":[],"class_list":["post-1117","post","type-post","status-publish","format-standard","has-post-thumbnail","hentry","category-nacional"],"_links":{"self":[{"href":"https:\/\/agridulcenoticias.com\/index.php\/wp-json\/wp\/v2\/posts\/1117","targetHints":{"allow":["GET"]}}],"collection":[{"href":"https:\/\/agridulcenoticias.com\/index.php\/wp-json\/wp\/v2\/posts"}],"about":[{"href":"https:\/\/agridulcenoticias.com\/index.php\/wp-json\/wp\/v2\/types\/post"}],"author":[{"embeddable":true,"href":"https:\/\/agridulcenoticias.com\/index.php\/wp-json\/wp\/v2\/users\/1"}],"replies":[{"embeddable":true,"href":"https:\/\/agridulcenoticias.com\/index.php\/wp-json\/wp\/v2\/comments?post=1117"}],"version-history":[{"count":0,"href":"https:\/\/agridulcenoticias.com\/index.php\/wp-json\/wp\/v2\/posts\/1117\/revisions"}],"wp:featuredmedia":[{"embeddable":true,"href":"https:\/\/agridulcenoticias.com\/index.php\/wp-json\/wp\/v2\/media\/1118"}],"wp:attachment":[{"href":"https:\/\/agridulcenoticias.com\/index.php\/wp-json\/wp\/v2\/media?parent=1117"}],"wp:term":[{"taxonomy":"category","embeddable":true,"href":"https:\/\/agridulcenoticias.com\/index.php\/wp-json\/wp\/v2\/categories?post=1117"},{"taxonomy":"post_tag","embeddable":true,"href":"https:\/\/agridulcenoticias.com\/index.php\/wp-json\/wp\/v2\/tags?post=1117"}],"curies":[{"name":"wp","href":"https:\/\/api.w.org\/{rel}","templated":true}]}}