{"id":1135,"date":"2025-09-17T22:17:42","date_gmt":"2025-09-18T04:17:42","guid":{"rendered":"https:\/\/radioomax.com\/?p=1135"},"modified":"2025-09-17T22:17:42","modified_gmt":"2025-09-18T04:17:42","slug":"garantiza-dif-tampico-atencion-y-cuidado-a-dos-menores-ingresadas-a-casa-hogar","status":"publish","type":"post","link":"https:\/\/agridulcenoticias.com\/index.php\/2025\/09\/17\/garantiza-dif-tampico-atencion-y-cuidado-a-dos-menores-ingresadas-a-casa-hogar\/","title":{"rendered":"Garantiza DIF Tampico atenci\u00f3n y cuidado a dos menores ingresadas a Casa Hogar"},"content":{"rendered":"\n<p><a><\/a>TAMPICO, TAM. (16 de septiembre de 2025).- Cumpliendo el compromiso de ofrecer espacios de atenci\u00f3n y cuidado a la ni\u00f1ez, v\u00edctima de entornos inseguros, el Sistema DIF Tampico, incorpor\u00f3 a dos menores a Casa Hogar, para brindarles protecci\u00f3n y cuidados integrales en tanto se desarrollan los protocolos marcados por la Procuradur\u00eda de Protecci\u00f3n a la Mujer, la Familia y Asuntos Jur\u00eddicos.<\/p>\n\n\n\n<p>Lo anterior fue dado a conocer por la titular de la dependencia Lic. Dulce Imelda Marcial Cruz, quien explic\u00f3 que, DIF Tamaulipas solicit\u00f3 al organismo local, apoyo para resguardar a dos peque\u00f1as de 4 a\u00f1os y 3 meses, respectivamente.<\/p>\n\n\n\n<p>A\u00f1adi\u00f3 que de inmediato se realizaron los protocolos correspondientes, para recibir a las menores en Casa Hogar del DIF.<\/p>\n\n\n\n<p>\u201cLos padres de las menores est\u00e1n en proceso jur\u00eddico, por ello, de momento somos nosotros quienes las resguardaremos y les brindaremos todo el apoyo que requieran\u201d, expres\u00f3.<\/p>\n\n\n\n<p>La Procuradora del organismo dijo que una de las prioridades marcadas por la Presidenta del Sistema para el Desarrollo Integral de la Familia, Dra. Luz Adriana Villarreal Anaya, es la de fortalecer las acciones y programas de protecci\u00f3n a los grupos vulnerables, principalmente a la ni\u00f1ez.<\/p>\n\n\n\n<p>\u201cNuestra presidenta la Dra. Luz Adriana Villarreal Anaya, tiene un compromiso con la ni\u00f1ez tampique\u00f1a, por lo que nos instruy\u00f3 a recibir a las menores y cuidar de su integridad y bienestar\u201d.<\/p>\n\n\n\n<p>Marcial Cruz se\u00f1al\u00f3 que las peque\u00f1as se incorporaron a la Casa Hogar con buen \u00e1nimo y actitud, siendo recibidas con cari\u00f1o por el resto de los menores, as\u00ed como por el equipo de colaboradores; y subray\u00f3 que permanecer\u00e1n bajo custodia del DIF hasta que las instancias correspondientes determinen lo conducente.<\/p>\n","protected":false},"excerpt":{"rendered":"<p>TAMPICO, TAM. (16 de septiembre de 2025).- Cumpliendo el compromiso de ofrecer espacios de atenci\u00f3n&#8230;<\/p>\n","protected":false},"author":1,"featured_media":1136,"comment_status":"open","ping_status":"closed","sticky":false,"template":"","format":"standard","meta":{"footnotes":""},"categories":[5,2],"tags":[],"class_list":["post-1135","post","type-post","status-publish","format-standard","has-post-thumbnail","hentry","category-tamaulipas","category-tampico"],"_links":{"self":[{"href":"https:\/\/agridulcenoticias.com\/index.php\/wp-json\/wp\/v2\/posts\/1135","targetHints":{"allow":["GET"]}}],"collection":[{"href":"https:\/\/agridulcenoticias.com\/index.php\/wp-json\/wp\/v2\/posts"}],"about":[{"href":"https:\/\/agridulcenoticias.com\/index.php\/wp-json\/wp\/v2\/types\/post"}],"author":[{"embeddable":true,"href":"https:\/\/agridulcenoticias.com\/index.php\/wp-json\/wp\/v2\/users\/1"}],"replies":[{"embeddable":true,"href":"https:\/\/agridulcenoticias.com\/index.php\/wp-json\/wp\/v2\/comments?post=1135"}],"version-history":[{"count":0,"href":"https:\/\/agridulcenoticias.com\/index.php\/wp-json\/wp\/v2\/posts\/1135\/revisions"}],"wp:featuredmedia":[{"embeddable":true,"href":"https:\/\/agridulcenoticias.com\/index.php\/wp-json\/wp\/v2\/media\/1136"}],"wp:attachment":[{"href":"https:\/\/agridulcenoticias.com\/index.php\/wp-json\/wp\/v2\/media?parent=1135"}],"wp:term":[{"taxonomy":"category","embeddable":true,"href":"https:\/\/agridulcenoticias.com\/index.php\/wp-json\/wp\/v2\/categories?post=1135"},{"taxonomy":"post_tag","embeddable":true,"href":"https:\/\/agridulcenoticias.com\/index.php\/wp-json\/wp\/v2\/tags?post=1135"}],"curies":[{"name":"wp","href":"https:\/\/api.w.org\/{rel}","templated":true}]}}