{"id":1147,"date":"2025-09-17T22:24:45","date_gmt":"2025-09-18T04:24:45","guid":{"rendered":"https:\/\/radioomax.com\/?p=1147"},"modified":"2025-09-17T22:24:45","modified_gmt":"2025-09-18T04:24:45","slug":"omar-garcia-harfuch-confirma-traslado-de-hernan-n-a-mexico","status":"publish","type":"post","link":"https:\/\/agridulcenoticias.com\/index.php\/2025\/09\/17\/omar-garcia-harfuch-confirma-traslado-de-hernan-n-a-mexico\/","title":{"rendered":"Omar Garc\u00eda Harfuch confirma traslado de Hern\u00e1n \u2018N\u2019 a M\u00e9xico"},"content":{"rendered":"\n<p><a><\/a>Harfuch anunci\u00f3 el traslado a M\u00e9xico de Hern\u00e1n \u201cN\u201d desde Paraguay, para cumplir con una orden de aprehensi\u00f3n.<\/p>\n\n\n\n<p>El secretario de Seguridad y Protecci\u00f3n Ciudadana, Omar Garc\u00eda Harfuch, inform\u00f3 mediante sus cuentas oficiales en redes sociales que Hern\u00e1n \u2018N\u2019 fue trasladado a M\u00e9xico desde Paraguay para cumplimentar una orden de aprehensi\u00f3n en su contra.<\/p>\n\n\n\n<p>El detenido ser\u00e1 ingresado al CEFERESO 1, donde continuar\u00e1 su proceso judicial.<\/p>\n\n\n\n<p>El traslado se realiz\u00f3 gracias a la coordinaci\u00f3n entre la Secretar\u00eda de Seguridad, la Fiscal\u00eda General de la Rep\u00fablica, el Centro Nacional de Inteligencia y el Instituto Nacional de Migraci\u00f3n, as\u00ed como con el apoyo del gobierno de Paraguay, que notific\u00f3 la expulsi\u00f3n de la persona por no contar con ingreso ni estancia regular en ese pa\u00eds.<\/p>\n","protected":false},"excerpt":{"rendered":"<p>Harfuch anunci\u00f3 el traslado a M\u00e9xico de Hern\u00e1n \u201cN\u201d desde Paraguay, para cumplir con una&#8230;<\/p>\n","protected":false},"author":1,"featured_media":1148,"comment_status":"open","ping_status":"closed","sticky":false,"template":"","format":"standard","meta":{"footnotes":""},"categories":[14],"tags":[],"class_list":["post-1147","post","type-post","status-publish","format-standard","has-post-thumbnail","hentry","category-nacional"],"_links":{"self":[{"href":"https:\/\/agridulcenoticias.com\/index.php\/wp-json\/wp\/v2\/posts\/1147","targetHints":{"allow":["GET"]}}],"collection":[{"href":"https:\/\/agridulcenoticias.com\/index.php\/wp-json\/wp\/v2\/posts"}],"about":[{"href":"https:\/\/agridulcenoticias.com\/index.php\/wp-json\/wp\/v2\/types\/post"}],"author":[{"embeddable":true,"href":"https:\/\/agridulcenoticias.com\/index.php\/wp-json\/wp\/v2\/users\/1"}],"replies":[{"embeddable":true,"href":"https:\/\/agridulcenoticias.com\/index.php\/wp-json\/wp\/v2\/comments?post=1147"}],"version-history":[{"count":0,"href":"https:\/\/agridulcenoticias.com\/index.php\/wp-json\/wp\/v2\/posts\/1147\/revisions"}],"wp:featuredmedia":[{"embeddable":true,"href":"https:\/\/agridulcenoticias.com\/index.php\/wp-json\/wp\/v2\/media\/1148"}],"wp:attachment":[{"href":"https:\/\/agridulcenoticias.com\/index.php\/wp-json\/wp\/v2\/media?parent=1147"}],"wp:term":[{"taxonomy":"category","embeddable":true,"href":"https:\/\/agridulcenoticias.com\/index.php\/wp-json\/wp\/v2\/categories?post=1147"},{"taxonomy":"post_tag","embeddable":true,"href":"https:\/\/agridulcenoticias.com\/index.php\/wp-json\/wp\/v2\/tags?post=1147"}],"curies":[{"name":"wp","href":"https:\/\/api.w.org\/{rel}","templated":true}]}}