{"id":1168,"date":"2025-09-18T22:45:47","date_gmt":"2025-09-19T04:45:47","guid":{"rendered":"https:\/\/radioomax.com\/?p=1168"},"modified":"2025-09-18T22:45:47","modified_gmt":"2025-09-19T04:45:47","slug":"fallece-el-ex-alcalde-victorense-oscar-almaraz-smer","status":"publish","type":"post","link":"https:\/\/agridulcenoticias.com\/index.php\/2025\/09\/18\/fallece-el-ex-alcalde-victorense-oscar-almaraz-smer\/","title":{"rendered":"Fallece el ex alcalde victorense, Oscar Almaraz Smer"},"content":{"rendered":"\n<p>De acuerdo con informaci\u00f3n preliminar, el pol\u00edtico tamaulipeco dej\u00f3 de existir a causa de un infarto fulminante.<\/p>\n\n\n\n<p>CIUDAD VICTORIA, TAMPS. El ex alcalde de Ciudad Victoria, \u00d3scar Almaraz Smer, falleci\u00f3 este jueves a causa de un infarto fulminante a los 57 a\u00f1os de edad.<\/p>\n\n\n\n<p>Almaraz Smer estudi\u00f3 Contadur\u00eda P\u00fablica en la Universidad Aut\u00f3noma de Tamaulipas y fue Secretario de Finanzas del Gobierno de Tamaulipas durante la administraci\u00f3n de Eugenio Hern\u00e1ndez Flores, entre 2004 y 2010. Posteriormente, fue diputado local por el PRI entre 2011 y 2013, durante la LXI Legislatura de Tamaulipas.<\/p>\n\n\n\n<p>En 2016, bajo las siglas del PRI gan\u00f3 la presidencia municipal de Victoria, Tamaulipas y en 2021 renunci\u00f3 al Partido Revolucionario Institucional para convertirse en militante del Partido Acci\u00f3n Nacional y obtener la candidatura a diputado federal por el Distrito 5, siendo legislador federal por la LXV legislatura del Congreso de la Uni\u00f3n, de septiembre de 2021 a agosto de 2024.<\/p>\n\n\n\n<p>Su trayectoria pol\u00edtica lo convirti\u00f3 en una de las figuras pol\u00edticas m\u00e1s visibles de Ciudad Victoria y Tamaulipas en la \u00faltima d\u00e9cada. En su postura p\u00fablica, Almaraz Smer nunca busc\u00f3 la confrontaci\u00f3n con personajes de otras corrientes ideol\u00f3gicas.<\/p>\n\n\n\n<p>Descanse en Paz Oscar Almar\u00e1z Smer.<\/p>\n","protected":false},"excerpt":{"rendered":"<p>De acuerdo con informaci\u00f3n preliminar, el pol\u00edtico tamaulipeco dej\u00f3 de existir a causa de un&#8230;<\/p>\n","protected":false},"author":1,"featured_media":1169,"comment_status":"open","ping_status":"closed","sticky":false,"template":"","format":"standard","meta":{"footnotes":""},"categories":[5],"tags":[],"class_list":["post-1168","post","type-post","status-publish","format-standard","has-post-thumbnail","hentry","category-tamaulipas"],"_links":{"self":[{"href":"https:\/\/agridulcenoticias.com\/index.php\/wp-json\/wp\/v2\/posts\/1168","targetHints":{"allow":["GET"]}}],"collection":[{"href":"https:\/\/agridulcenoticias.com\/index.php\/wp-json\/wp\/v2\/posts"}],"about":[{"href":"https:\/\/agridulcenoticias.com\/index.php\/wp-json\/wp\/v2\/types\/post"}],"author":[{"embeddable":true,"href":"https:\/\/agridulcenoticias.com\/index.php\/wp-json\/wp\/v2\/users\/1"}],"replies":[{"embeddable":true,"href":"https:\/\/agridulcenoticias.com\/index.php\/wp-json\/wp\/v2\/comments?post=1168"}],"version-history":[{"count":0,"href":"https:\/\/agridulcenoticias.com\/index.php\/wp-json\/wp\/v2\/posts\/1168\/revisions"}],"wp:featuredmedia":[{"embeddable":true,"href":"https:\/\/agridulcenoticias.com\/index.php\/wp-json\/wp\/v2\/media\/1169"}],"wp:attachment":[{"href":"https:\/\/agridulcenoticias.com\/index.php\/wp-json\/wp\/v2\/media?parent=1168"}],"wp:term":[{"taxonomy":"category","embeddable":true,"href":"https:\/\/agridulcenoticias.com\/index.php\/wp-json\/wp\/v2\/categories?post=1168"},{"taxonomy":"post_tag","embeddable":true,"href":"https:\/\/agridulcenoticias.com\/index.php\/wp-json\/wp\/v2\/tags?post=1168"}],"curies":[{"name":"wp","href":"https:\/\/api.w.org\/{rel}","templated":true}]}}