{"id":1171,"date":"2025-09-18T22:51:55","date_gmt":"2025-09-19T04:51:55","guid":{"rendered":"https:\/\/radioomax.com\/?p=1171"},"modified":"2025-09-18T22:51:55","modified_gmt":"2025-09-19T04:51:55","slug":"promueve-monica-villarreal-el-deporte-y-la-cultura-en-tampico","status":"publish","type":"post","link":"https:\/\/agridulcenoticias.com\/index.php\/2025\/09\/18\/promueve-monica-villarreal-el-deporte-y-la-cultura-en-tampico\/","title":{"rendered":"Promueve M\u00f3nica Villarreal el deporte y la cultura en Tampico"},"content":{"rendered":"\n<p><strong>TAMPICO, TAM. (18 de septiembre de 2025).- <\/strong>Con la firme convicci\u00f3n de impulsar el desarrollo integral de las familias tampique\u00f1as a trav\u00e9s de la cultura y el deporte, la Presidenta Municipal, M\u00f3nica Villarreal Anaya, encabez\u00f3 la presentaci\u00f3n de dos importantes eventos que colocan a la ciudad como un referente estatal e internacional en materia cultural y deportiva: la edici\u00f3n n\u00famero 32 del Festival Internacional de la Costa del Seno Mexicano y el lanzamiento oficial de las Cl\u00ednicas de Formaci\u00f3n Barca Academy.<\/p>\n\n\n\n<p>En coordinaci\u00f3n con la Secretar\u00eda de Cultura y el Instituto Tamaulipeco para la Cultura y las Artes (ITCA), la alcaldesa present\u00f3 la cartelera del Festival, que se llevar\u00e1 a cabo del 3 al 12 de octubre de 2025, teniendo a Tampico como sede de la inauguraci\u00f3n con la presencia del Gobernador del Estado, Dr. Am\u00e9rico Villarreal Anaya.<\/p>\n\n\n\n<figure class=\"wp-block-image\"><img decoding=\"async\" src=\"https:\/\/i0.wp.com\/elcitadino.com.mx\/wp-content\/uploads\/2025\/09\/IMG-20250917-WA0122.jpg?resize=740%2C494&amp;ssl=1\" alt=\"\" class=\"wp-image-5479\"\/><\/figure>\n\n\n\n<p>Durante el anuncio, la Presidenta Municipal estuvo acompa\u00f1ada por la Dra. Silvia Casas Gonz\u00e1lez, Secretaria de Bienestar Social del Estado; H\u00e9ctor Romero Lecanda, Director General del ITCA; y David Rodr\u00edguez de la Pe\u00f1a, Secretario de Cultura de Tampico.<\/p>\n\n\n\n<p>Villarreal Anaya destac\u00f3 que se ha preparado una programaci\u00f3n art\u00edstica de gran nivel, con la participaci\u00f3n de artistas locales, nacionales e internacionales, en diferentes espacios p\u00fablicos del municipio.<\/p>\n\n\n\n<figure class=\"wp-block-image\"><img decoding=\"async\" src=\"https:\/\/i0.wp.com\/elcitadino.com.mx\/wp-content\/uploads\/2025\/09\/IMG-20250917-WA0126.jpg?resize=740%2C494&amp;ssl=1\" alt=\"\" class=\"wp-image-5481\"\/><\/figure>\n\n\n\n<p>\u201cEstamos muy contentos porque en el mes de octubre, Tampico va a estar de manteles largos, con un gran repertorio cultural gratuito. Para abrir el Festival Internacional de la Costa del Seno Mexicano, este 19 y 20 de septiembre rendiremos un homenaje p\u00f3stumo al artista tampique\u00f1o Rodrigo Gonz\u00e1lez (Rockdrigo), pionero del rock en espa\u00f1ol y figura clave del siglo XX, con un programa de actividades en diversos espacios p\u00fablicos\u201d, expres\u00f3.<\/p>\n\n\n\n<p>Asimismo, resalt\u00f3 que este festival representa un esfuerzo conjunto entre el Gobierno del Estado y los 43 municipios de Tamaulipas, consolidando la identidad cultural y fomentando la convivencia social con eventos gratuitos para toda la poblaci\u00f3n.<\/p>\n\n\n\n<p>En este marco, el Gobierno Municipal tambi\u00e9n anunci\u00f3 la tercera edici\u00f3n del Festival Internacional Tampico Jazz Fest 2025, que se desarrollar\u00e1 del 20 al 24 de octubre, prolongando as\u00ed la agenda cultural durante todo el mes.<\/p>\n\n\n\n<p>Por su parte, los representantes estatales confirmaron que el evento inaugural estar\u00e1 a cargo de la producci\u00f3n especial \u201cPolvo Enamorado\u201d, un homenaje a grandes compositores tamaulipecos como Cuco S\u00e1nchez, Rigo Tovar y Roberto Cantoral, interpretado por artistas de talla nacional e internacional, adem\u00e1s de destacados talentos locales.<\/p>\n\n\n\n<p><em><strong>Cl\u00ednicas de Formaci\u00f3n Barca Academy en Tampico<\/strong><\/em><\/p>\n\n\n\n<figure class=\"wp-block-image\"><img decoding=\"async\" src=\"https:\/\/i0.wp.com\/elcitadino.com.mx\/wp-content\/uploads\/2025\/09\/IMG-20250917-WA0130.jpg?resize=740%2C494&amp;ssl=1\" alt=\"\" class=\"wp-image-5483\"\/><\/figure>\n\n\n\n<p>En el \u00e1mbito deportivo, Villarreal Anaya present\u00f3 en rueda de prensa la llegada por primera vez a Tampico de las Cl\u00ednicas de Formaci\u00f3n Barca Academy, que se llevar\u00e1n a cabo del 17 al 21 de diciembre de 2025 en la Ciudad Deportiva.<\/p>\n\n\n\n<p>Este programa, dise\u00f1ado para ni\u00f1as, ni\u00f1os y j\u00f3venes de 5 a 18 a\u00f1os, ofrecer\u00e1 una experiencia formativa \u00fanica bajo la metodolog\u00eda del FC Barcelona, basada en valores como la humildad, esfuerzo, ambici\u00f3n, respeto y trabajo en equipo.<\/p>\n\n\n\n<figure class=\"wp-block-image\"><img decoding=\"async\" src=\"https:\/\/i0.wp.com\/elcitadino.com.mx\/wp-content\/uploads\/2025\/09\/IMG-20250917-WA0127.jpg?resize=740%2C494&amp;ssl=1\" alt=\"\" class=\"wp-image-5482\"\/><\/figure>\n\n\n\n<p>Un total de 144 jugadores y jugadoras podr\u00e1n entrenar bajo la gu\u00eda de cinco entrenadores oficiales del club catal\u00e1n, quienes impartir\u00e1n m\u00e1s de 22 horas de pr\u00e1cticas intensivas siguiendo el reconocido m\u00e9todo Barca.<\/p>\n\n\n\n<p>\u201cComo municipio, estamos otorgando un 50% de descuento en becas a 10 ni\u00f1os y ni\u00f1as destacados de la Ciudad Deportiva, como un incentivo al talento deportivo local. Esto se suma al trabajo que hemos realizado en un solo a\u00f1o, con m\u00e1s de 452 eventos deportivos, torneos y competencias, donde se han obtenido 35 medallas a nivel nacional, 14 de ellas de oro\u201d, puntualiz\u00f3 Villarreal Anaya.<\/p>\n\n\n\n<p>Finalmente, se inform\u00f3 que el proceso de inscripci\u00f3n y el pago del curso ser\u00e1 a trav\u00e9s de la p\u00e1gina oficial de las Cl\u00ednicas Barca Academy, ya que el cupo ser\u00e1 limitado.<\/p>\n\n\n\n<figure class=\"wp-block-image\"><img decoding=\"async\" src=\"https:\/\/i0.wp.com\/elcitadino.com.mx\/wp-content\/uploads\/2025\/09\/IMG-20250917-WA0131.jpg?resize=740%2C494&amp;ssl=1\" alt=\"\" class=\"wp-image-5484\"\/><\/figure>\n\n\n\n<p>En la presentaci\u00f3n estuvieron presentes Mar\u00eda Am\u00f3s Cavazos, Subsecretaria de Infraestructura y Productos Tur\u00edsticos de la Secretar\u00eda de Turismo de Tamaulipas; Enrique Fernando Tamayo Medina, Secretario de Deportes de Tampico; Edgar Trevi\u00f1o Mart\u00ednez, regidor; Pablo Aldekoa, Director de Activaciones Barca Academy; y Ferran de Le\u00f3n, promotor deportivo.<\/p>\n","protected":false},"excerpt":{"rendered":"<p>TAMPICO, TAM. (18 de septiembre de 2025).- Con la firme convicci\u00f3n de impulsar el desarrollo&#8230;<\/p>\n","protected":false},"author":1,"featured_media":1172,"comment_status":"open","ping_status":"closed","sticky":false,"template":"","format":"standard","meta":{"footnotes":""},"categories":[5,2],"tags":[],"class_list":["post-1171","post","type-post","status-publish","format-standard","has-post-thumbnail","hentry","category-tamaulipas","category-tampico"],"_links":{"self":[{"href":"https:\/\/agridulcenoticias.com\/index.php\/wp-json\/wp\/v2\/posts\/1171","targetHints":{"allow":["GET"]}}],"collection":[{"href":"https:\/\/agridulcenoticias.com\/index.php\/wp-json\/wp\/v2\/posts"}],"about":[{"href":"https:\/\/agridulcenoticias.com\/index.php\/wp-json\/wp\/v2\/types\/post"}],"author":[{"embeddable":true,"href":"https:\/\/agridulcenoticias.com\/index.php\/wp-json\/wp\/v2\/users\/1"}],"replies":[{"embeddable":true,"href":"https:\/\/agridulcenoticias.com\/index.php\/wp-json\/wp\/v2\/comments?post=1171"}],"version-history":[{"count":0,"href":"https:\/\/agridulcenoticias.com\/index.php\/wp-json\/wp\/v2\/posts\/1171\/revisions"}],"wp:featuredmedia":[{"embeddable":true,"href":"https:\/\/agridulcenoticias.com\/index.php\/wp-json\/wp\/v2\/media\/1172"}],"wp:attachment":[{"href":"https:\/\/agridulcenoticias.com\/index.php\/wp-json\/wp\/v2\/media?parent=1171"}],"wp:term":[{"taxonomy":"category","embeddable":true,"href":"https:\/\/agridulcenoticias.com\/index.php\/wp-json\/wp\/v2\/categories?post=1171"},{"taxonomy":"post_tag","embeddable":true,"href":"https:\/\/agridulcenoticias.com\/index.php\/wp-json\/wp\/v2\/tags?post=1171"}],"curies":[{"name":"wp","href":"https:\/\/api.w.org\/{rel}","templated":true}]}}