{"id":1187,"date":"2025-09-19T10:47:53","date_gmt":"2025-09-19T16:47:53","guid":{"rendered":"https:\/\/radioomax.com\/?p=1187"},"modified":"2025-09-19T10:47:53","modified_gmt":"2025-09-19T16:47:53","slug":"monica-villarreal-anaya-anuncia-nuevos-proyectos-en-coordinacion-con-los-tres-niveles-de-gobierno","status":"publish","type":"post","link":"https:\/\/agridulcenoticias.com\/index.php\/2025\/09\/19\/monica-villarreal-anaya-anuncia-nuevos-proyectos-en-coordinacion-con-los-tres-niveles-de-gobierno\/","title":{"rendered":"M\u00f3nica Villarreal Anaya anuncia nuevos proyectos en coordinaci\u00f3n con los tres niveles de gobierno"},"content":{"rendered":"\n<p>Tampico, Tamaulipas.- En un esfuerzo conjunto por seguir promoviendo el desarrollo integral de la ciudad y mejorar la calidad de vida de las familias, la Presidenta Municipal M\u00f3nica Villarreal Anaya dio a conocer una serie de proyectos estrat\u00e9gicos que se llevar\u00e1n a cabo en coordinaci\u00f3n con el Gobierno del Estado y el Gobierno Federal, reafirmando el compromiso de una administraci\u00f3n cercana, eficiente y con visi\u00f3n de futuro.<\/p>\n\n\n\n<p>Uno de los anuncios m\u00e1s significativos es la construcci\u00f3n de dos Centros de Bienestar, que llevar\u00e1n por nombre \u201cCasas Lazos del Bienestar\u201d, que estar\u00edan ubicadas en las colonias Morelos y Borreguera.<\/p>\n\n\n\n<p>\u201cEstas Casas de Bienestar son proyectos que reflejan una inversi\u00f3n conjunta con el Gobierno del Estado y una visi\u00f3n social compartida, que busca fortalecer el tejido comunitario y ofrecer servicios de calidad a la ciudadan\u00eda\u201d, expres\u00f3 la alcaldesa.<\/p>\n\n\n\n<p>La autoridad municipal, anunci\u00f3 que el Gobierno del Estado, encabezado por el Gobernador Am\u00e9rico Villarreal Anaya, brindar\u00e1 un nuevo apoyo en materia de pavimentaci\u00f3n, el cual permitir\u00e1 ampliar la cobertura de calles rehabilitadas en diversas colonias del municipio.<\/p>\n\n\n\n<p>Otra de las acciones prioritarias, dijo, es la construcci\u00f3n de dos c\u00e1rcamos, en conjunto con la Comisi\u00f3n Municipal de Agua Potable y Alcantarillado (COMAPA). Estas obras buscan fortalecer el sistema de drenaje pluvial y sanitario, as\u00ed como prevenir inundaciones en sectores vulnerables durante la temporada de lluvias.<\/p>\n\n\n\n<p>Villarreal Anaya, subray\u00f3 que el Gobierno Federal ha iniciado gestiones con el Gobierno Municipal para la instalaci\u00f3n de una guarder\u00eda del IMSS de acceso gratuito, para lo cual el municipio, y en caso de ser aprobado por el Cabildo donar\u00e1 un predio que permitir\u00e1 la construcci\u00f3n de este importante centro de atenci\u00f3n infantil.<\/p>\n\n\n\n<p>Como parte del trabajo interinstitucional con el Gobierno Federal, tambi\u00e9n se est\u00e1 impulsando una alianza con INFONAVIT y CONAVI para participar en el programa nacional de vivienda promovido por la Presidenta de M\u00e9xico, Claudia Sheinbaum.<\/p>\n\n\n\n<p>Explic\u00f3 que todos estos proyectos forman parte de una agenda com\u00fan entre el Gobierno Municipal, el Gobierno Estatal y el Gobierno Federal, con una visi\u00f3n compartida de justicia social, desarrollo sostenible y bienestar para todos los sectores de la poblaci\u00f3n.<\/p>\n\n\n\n<p>\u201cEstamos en una etapa muy positiva para nuestro municipio. Aprovechar esta virtuosa relaci\u00f3n entre los tres \u00f3rdenes de gobierno nos permite traer m\u00e1s obras, programas y beneficios para nuestra gente. Seguiremos gestionando, tocando puertas y trabajando con responsabilidad para responder a las necesidades reales de nuestra comunidad\u201d, finaliz\u00f3.<\/p>\n","protected":false},"excerpt":{"rendered":"<p>Tampico, Tamaulipas.- En un esfuerzo conjunto por seguir promoviendo el desarrollo integral de la ciudad&#8230;<\/p>\n","protected":false},"author":1,"featured_media":1188,"comment_status":"open","ping_status":"closed","sticky":false,"template":"","format":"standard","meta":{"footnotes":""},"categories":[5,2],"tags":[],"class_list":["post-1187","post","type-post","status-publish","format-standard","has-post-thumbnail","hentry","category-tamaulipas","category-tampico"],"_links":{"self":[{"href":"https:\/\/agridulcenoticias.com\/index.php\/wp-json\/wp\/v2\/posts\/1187","targetHints":{"allow":["GET"]}}],"collection":[{"href":"https:\/\/agridulcenoticias.com\/index.php\/wp-json\/wp\/v2\/posts"}],"about":[{"href":"https:\/\/agridulcenoticias.com\/index.php\/wp-json\/wp\/v2\/types\/post"}],"author":[{"embeddable":true,"href":"https:\/\/agridulcenoticias.com\/index.php\/wp-json\/wp\/v2\/users\/1"}],"replies":[{"embeddable":true,"href":"https:\/\/agridulcenoticias.com\/index.php\/wp-json\/wp\/v2\/comments?post=1187"}],"version-history":[{"count":0,"href":"https:\/\/agridulcenoticias.com\/index.php\/wp-json\/wp\/v2\/posts\/1187\/revisions"}],"wp:featuredmedia":[{"embeddable":true,"href":"https:\/\/agridulcenoticias.com\/index.php\/wp-json\/wp\/v2\/media\/1188"}],"wp:attachment":[{"href":"https:\/\/agridulcenoticias.com\/index.php\/wp-json\/wp\/v2\/media?parent=1187"}],"wp:term":[{"taxonomy":"category","embeddable":true,"href":"https:\/\/agridulcenoticias.com\/index.php\/wp-json\/wp\/v2\/categories?post=1187"},{"taxonomy":"post_tag","embeddable":true,"href":"https:\/\/agridulcenoticias.com\/index.php\/wp-json\/wp\/v2\/tags?post=1187"}],"curies":[{"name":"wp","href":"https:\/\/api.w.org\/{rel}","templated":true}]}}