{"id":1193,"date":"2025-09-19T10:51:16","date_gmt":"2025-09-19T16:51:16","guid":{"rendered":"https:\/\/radioomax.com\/?p=1193"},"modified":"2025-09-19T10:51:16","modified_gmt":"2025-09-19T16:51:16","slug":"tamaulipas-participo-en-el-segundo-simulacro-nacional-2025","status":"publish","type":"post","link":"https:\/\/agridulcenoticias.com\/index.php\/2025\/09\/19\/tamaulipas-participo-en-el-segundo-simulacro-nacional-2025\/","title":{"rendered":"Tamaulipas particip\u00f3 en el \u2018Segundo Simulacro Nacional 2025\u2019"},"content":{"rendered":"\n<p><a><\/a>CIUDAD VICTORIA, TAMPS. En punto de las 12:00 horas (tiempo del Centro de M\u00e9xico), se realiz\u00f3 el Segundo Simulacro Nacional 2025, con la participaci\u00f3n de millones de personas en todo el pa\u00eds, incluyendo Tamaulipas, quienes llevaron a cabo acciones de evacuaci\u00f3n de inmuebles tras la activaci\u00f3n de la alerta s\u00edsmica.<\/p>\n\n\n\n<p>Por primera vez, en un ejercicio in\u00e9dito, se incluy\u00f3 el env\u00edo masivo de una alerta s\u00edsmica a 80 millones de tel\u00e9fonos celulares, lo que permiti\u00f3 reforzar la cultura de la prevenci\u00f3n en un mayor n\u00famero de personas.<\/p>\n\n\n\n<p>La jornada fue organizada por la Secretar\u00eda de Seguridad y Protecci\u00f3n Ciudadana (SSPC) y la Coordinaci\u00f3n Nacional de Protecci\u00f3n Civil (CNPC), en el marco del aniversario de los devastadores terremotos del 19 de septiembre de 1985 y 2017, considerados los m\u00e1s destructivos en la historia reciente del pa\u00eds.<\/p>\n\n\n\n<p>Autoridades subrayaron que estos simulacros buscan fortalecer la cultura de la prevenci\u00f3n y la capacidad de respuesta ante emergencias en M\u00e9xico.<\/p>\n","protected":false},"excerpt":{"rendered":"<p>CIUDAD VICTORIA, TAMPS. En punto de las 12:00 horas (tiempo del Centro de M\u00e9xico), se&#8230;<\/p>\n","protected":false},"author":1,"featured_media":1194,"comment_status":"open","ping_status":"closed","sticky":false,"template":"","format":"standard","meta":{"footnotes":""},"categories":[5],"tags":[],"class_list":["post-1193","post","type-post","status-publish","format-standard","has-post-thumbnail","hentry","category-tamaulipas"],"_links":{"self":[{"href":"https:\/\/agridulcenoticias.com\/index.php\/wp-json\/wp\/v2\/posts\/1193","targetHints":{"allow":["GET"]}}],"collection":[{"href":"https:\/\/agridulcenoticias.com\/index.php\/wp-json\/wp\/v2\/posts"}],"about":[{"href":"https:\/\/agridulcenoticias.com\/index.php\/wp-json\/wp\/v2\/types\/post"}],"author":[{"embeddable":true,"href":"https:\/\/agridulcenoticias.com\/index.php\/wp-json\/wp\/v2\/users\/1"}],"replies":[{"embeddable":true,"href":"https:\/\/agridulcenoticias.com\/index.php\/wp-json\/wp\/v2\/comments?post=1193"}],"version-history":[{"count":0,"href":"https:\/\/agridulcenoticias.com\/index.php\/wp-json\/wp\/v2\/posts\/1193\/revisions"}],"wp:featuredmedia":[{"embeddable":true,"href":"https:\/\/agridulcenoticias.com\/index.php\/wp-json\/wp\/v2\/media\/1194"}],"wp:attachment":[{"href":"https:\/\/agridulcenoticias.com\/index.php\/wp-json\/wp\/v2\/media?parent=1193"}],"wp:term":[{"taxonomy":"category","embeddable":true,"href":"https:\/\/agridulcenoticias.com\/index.php\/wp-json\/wp\/v2\/categories?post=1193"},{"taxonomy":"post_tag","embeddable":true,"href":"https:\/\/agridulcenoticias.com\/index.php\/wp-json\/wp\/v2\/tags?post=1193"}],"curies":[{"name":"wp","href":"https:\/\/api.w.org\/{rel}","templated":true}]}}