{"id":1202,"date":"2025-09-19T11:40:23","date_gmt":"2025-09-19T17:40:23","guid":{"rendered":"https:\/\/radioomax.com\/?p=1202"},"modified":"2025-09-19T11:40:23","modified_gmt":"2025-09-19T17:40:23","slug":"dictan-prision-preventiva-a-hernan-bermudez-lider-de-la-barredora","status":"publish","type":"post","link":"https:\/\/agridulcenoticias.com\/index.php\/2025\/09\/19\/dictan-prision-preventiva-a-hernan-bermudez-lider-de-la-barredora\/","title":{"rendered":"Dictan prisi\u00f3n preventiva a Hern\u00e1n Berm\u00fadez, l\u00edder de \u201cLa Barredora\u201d"},"content":{"rendered":"\n<p><a><\/a>Hern\u00e1n Berm\u00fadez Requena, tambi\u00e9n conocido como \u2018el Abuelo\u2019 o \u2018Comandante H\u2019, es se\u00f1alado de asociaci\u00f3n delictuosa, extorsi\u00f3n y secuestro expr\u00e9s en Tabasco<\/p>\n\n\n\n<p>Un juez dict\u00f3 este viernes prisi\u00f3n preventiva para Hern\u00e1n Berm\u00fadez Requena, exsecretario de Seguridad P\u00fablica de Tabasco y l\u00edder del grupo criminal \u201cLa Barredora\u201c.<\/p>\n\n\n\n<p>Berm\u00fadez Requena compareci\u00f3 desde el penal del Altiplano por la v\u00eda virtual ante el juez de Control de la Regi\u00f3n Nueve con sede en Tabasco.<\/p>\n\n\n\n<p>En la audiencia celebrada este viernes 19 de septiembre, el apodado como \u2018Comandante H\u2019 se reserv\u00f3 su derecho a declarar sobre las imputaciones en su contra.<\/p>\n\n\n\n<p>La defensa del imputado solicit\u00f3 la duplicidad del t\u00e9rmino, por lo que el juez dict\u00f3 la medida cautelar de prisi\u00f3n preventiva y la situaci\u00f3n jur\u00eddica del l\u00edder criminal se definir\u00e1 posteriormente.<\/p>\n\n\n\n<p>\u00bfQui\u00e9n es Hern\u00e1n Berm\u00fadez Requena, l\u00edder de \u2018La Barredora\u2019?<\/p>\n\n\n\n<p>Hern\u00e1n Berm\u00fadez Requena, tambi\u00e9n conocido como \u2018el Abuelo\u2019 o \u2018Comandante H\u2019, es se\u00f1alado de asociaci\u00f3n delictuosa, extorsi\u00f3n y secuestro expr\u00e9s en Tabasco.<\/p>\n\n\n\n<p>En dicho estado fungi\u00f3 como secretario de Seguridad y Protecci\u00f3n Ciudadana, nombrado en diciembre de 2019 por el entonces gobernador Ad\u00e1n Augusto L\u00f3pez Hern\u00e1ndez.<\/p>\n\n\n\n<p>Se mantuvo en el puesto hasta enero de 2024, incluso bajo la administraci\u00f3n del gobernador interino Carlos Manuel Merino Campos.<\/p>\n\n\n\n<p>Carrera y acusaciones<\/p>\n\n\n\n<p>Berm\u00fadez Requena tuvo una carrera en la vida p\u00fablica y policial que inici\u00f3 en la d\u00e9cada de los 90. Ocup\u00f3 los cargos de:<\/p>\n\n\n\n<p>director de Seguridad P\u00fablica durante el sexenio de Manuel Gurr\u00eda Ord\u00f3\u00f1ez (1992-1994)<\/p>\n\n\n\n<p>director de un penal estatal durante el gobierno de Roberto Madrazo Pintado (1995-1997)<\/p>\n\n\n\n<p>subsecretario de Prevenci\u00f3n, Readaptaci\u00f3n Social y Protecci\u00f3n Civil de 2001 a 2005<\/p>\n\n\n\n<p>en 2019, antes de ser nombrado secretario de seguridad, fue director de la Polic\u00eda de Investigaci\u00f3n de la Fiscal\u00eda General del Estado<\/p>\n\n\n\n<p>A lo largo de su trayectoria fue detenido en 2006 por presunta participaci\u00f3n en la ejecuci\u00f3n de un ganadero.<\/p>\n\n\n\n<p>Documentos de inteligencia de la Secretar\u00eda de la Defensa Nacional, filtrados en 2022, lo vinculan con La Barredora.<\/p>\n\n\n\n<p>Se le acusa de ser el l\u00edder de esa organizaci\u00f3n, la cual supuestamente opera para el C\u00e1rtel Jalisco Nueva Generaci\u00f3n (CJNG).<\/p>\n\n\n\n<p>Se le imputan actividades como narcotr\u00e1fico, extorsi\u00f3n, tr\u00e1fico de personas y huachicoleo.<\/p>\n\n\n\n<p>Detenci\u00f3n de Berm\u00fadez Requena<\/p>\n\n\n\n<p>El 13 de septiembre, Hern\u00e1n Berm\u00fadez Requena fue detenido en Paraguay, en atenci\u00f3n a una orden de aprehensi\u00f3n emitida en M\u00e9xico.<\/p>\n\n\n\n<p>La Fiscal\u00eda paraguaya instruy\u00f3 su expulsi\u00f3n del pa\u00eds y entrega inmediata al Gobierno mexicano.<\/p>\n\n\n\n<p>El 17 de septiembre parti\u00f3 de la ciudad paraguaya de Asunci\u00f3n rumbo a Tapachula, Chiapas, si bien el avi\u00f3n de la FGR que lo trasladaba hizo un cambio de ruta y pernoct\u00f3 en Bogot\u00e1, Colombia.<\/p>\n\n\n\n<p>La noche del 18 de septiembre, una vez en M\u00e9xico, se concret\u00f3 la formal detenci\u00f3n del sujeto y su ingreso al penal del Altiplano.<\/p>\n\n\n\n<p>El titular de la Secretar\u00eda Nacional Antidrogas (Senad) de Paraguay, Jalil Rachid, afirm\u00f3 que \u2018el Abuelo\u2019 pretend\u00eda instalar sus operaciones en el pa\u00eds.<\/p>\n\n\n\n<p>De haber dado mayor tiempo, s\u00ed pod\u00eda haber instalado alguna red criminal aqu\u00ed en el pa\u00eds\u201d, advirti\u00f3.<\/p>\n\n\n\n<p>Seg\u00fan el titular de la Secretar\u00eda Antidrogas, el presunto l\u00edder de La Barredora se mantuvo en \u201cla clandestinidad\u201d y se mov\u00eda con \u201cun c\u00edrculo muy \u00edntimo\u201d, del que formaba parte su esposa que ha quedado a disposici\u00f3n de la Fiscal\u00eda de Paraguay.<\/p>\n\n\n\n<p>La esposa del ciudadano mexicano, detall\u00f3, tiene un ingreso registrado a Paraguay en agosto para regularizar su situaci\u00f3n migratoria. Las autoridades presumen que entr\u00f3 en mayo ilegalmente.<\/p>\n","protected":false},"excerpt":{"rendered":"<p>Hern\u00e1n Berm\u00fadez Requena, tambi\u00e9n conocido como \u2018el Abuelo\u2019 o \u2018Comandante H\u2019, es se\u00f1alado de asociaci\u00f3n&#8230;<\/p>\n","protected":false},"author":1,"featured_media":1203,"comment_status":"open","ping_status":"closed","sticky":false,"template":"","format":"standard","meta":{"footnotes":""},"categories":[14],"tags":[],"class_list":["post-1202","post","type-post","status-publish","format-standard","has-post-thumbnail","hentry","category-nacional"],"_links":{"self":[{"href":"https:\/\/agridulcenoticias.com\/index.php\/wp-json\/wp\/v2\/posts\/1202","targetHints":{"allow":["GET"]}}],"collection":[{"href":"https:\/\/agridulcenoticias.com\/index.php\/wp-json\/wp\/v2\/posts"}],"about":[{"href":"https:\/\/agridulcenoticias.com\/index.php\/wp-json\/wp\/v2\/types\/post"}],"author":[{"embeddable":true,"href":"https:\/\/agridulcenoticias.com\/index.php\/wp-json\/wp\/v2\/users\/1"}],"replies":[{"embeddable":true,"href":"https:\/\/agridulcenoticias.com\/index.php\/wp-json\/wp\/v2\/comments?post=1202"}],"version-history":[{"count":0,"href":"https:\/\/agridulcenoticias.com\/index.php\/wp-json\/wp\/v2\/posts\/1202\/revisions"}],"wp:featuredmedia":[{"embeddable":true,"href":"https:\/\/agridulcenoticias.com\/index.php\/wp-json\/wp\/v2\/media\/1203"}],"wp:attachment":[{"href":"https:\/\/agridulcenoticias.com\/index.php\/wp-json\/wp\/v2\/media?parent=1202"}],"wp:term":[{"taxonomy":"category","embeddable":true,"href":"https:\/\/agridulcenoticias.com\/index.php\/wp-json\/wp\/v2\/categories?post=1202"},{"taxonomy":"post_tag","embeddable":true,"href":"https:\/\/agridulcenoticias.com\/index.php\/wp-json\/wp\/v2\/tags?post=1202"}],"curies":[{"name":"wp","href":"https:\/\/api.w.org\/{rel}","templated":true}]}}