{"id":1208,"date":"2025-09-19T11:42:28","date_gmt":"2025-09-19T17:42:28","guid":{"rendered":"https:\/\/radioomax.com\/?p=1208"},"modified":"2025-09-19T11:42:28","modified_gmt":"2025-09-19T17:42:28","slug":"mundial-2026-mexico-segundo-pais-que-mas-boletos-pidio-para-sorteo-de-preventa","status":"publish","type":"post","link":"https:\/\/agridulcenoticias.com\/index.php\/2025\/09\/19\/mundial-2026-mexico-segundo-pais-que-mas-boletos-pidio-para-sorteo-de-preventa\/","title":{"rendered":"Mundial 2026: M\u00e9xico, segundo pa\u00eds que m\u00e1s boletos pidi\u00f3 para sorteo de preventa"},"content":{"rendered":"\n<p><a><\/a>FIFA dio a conocer cel n\u00famero de aficionados que solicitaron boletos en la primera preventa para el Mundial 2026<\/p>\n\n\n\n<p>La FIFA dio a conocer el n\u00famero de aficionados alrededor del mundo que aplicaron para la preventa de boletos del Mundial 2026, que se llevar\u00e1 a cabo en M\u00e9xico, Estados Unidos y Canad\u00e1 entre el 11 de junio y el 19 de julio pr\u00f3ximos.<\/p>\n\n\n\n<p>Por medio de un comunicado, el organismo detall\u00f3 que 4.5 millones de aficionados de 216 pa\u00edses y territorios participaron en el sorteo de preventa de Visa, que tuvo una duraci\u00f3n de diez d\u00edas y que culmin\u00f3 este 19 de septiembre de 2025.<\/p>\n\n\n\n<p>\u201cM\u00e1s de cuatro millones y medio de fan\u00e1ticos de todo el mundo solicitaron la primera oportunidad de comprar boletos para la Copa Mundial de la FIFA m\u00e1s grande de la historia, que se llevar\u00e1 a cabo en Am\u00e9rica del Norte en junio y julio (de 2026)\u201d, indic\u00f3.<\/p>\n\n\n\n<p>El mayor n\u00famero de solicitudes provino de residentes de los tres pa\u00edses anfitriones: Estados Unidos, M\u00e9xico y Canad\u00e1, en ese orden. Los diez pa\u00edses con mayor demanda fueron Alemania, Inglaterra, Brasil, Argentina, Colombia, Espa\u00f1a e Italia.<\/p>\n\n\n\n<p>\u201cEstas cifras no solo son excepcionales, sino tambi\u00e9n una declaraci\u00f3n contundente. El mundo entero quiere ser parte de la Copa Mundial de la FIFA 26: el evento m\u00e1s grande, inclusivo y emocionante jam\u00e1s visto\u201d, declar\u00f3 el presidente de la FIFA, Gianni Infantino.<\/p>\n\n\n\n<p>Tras un proceso de selecci\u00f3n aleatorio, se notificar\u00e1 a los solicitantes por correo electr\u00f3nico de forma continua a partir del lunes 29 de septiembre. Los seleccionados recibir\u00e1n una fecha y hora para comprar entradas (sujeto a disponibilidad), a partir del mi\u00e9rcoles 1 de octubre. El \u00e9xito de la solicitud en el sorteo no garantiza que las entradas est\u00e9n disponibles para su compra durante la fecha indicada.<\/p>\n\n\n\n<p>Los aficionados podr\u00e1n conseguir entradas para la fase de grupos desde tan solo 60 d\u00f3laresal inicio de la venta. Tambi\u00e9n se pondr\u00e1n a la venta entradas individuales para los 104 partidos, junto con entradas espec\u00edficas para cada sede y equipo.<\/p>\n","protected":false},"excerpt":{"rendered":"<p>FIFA dio a conocer cel n\u00famero de aficionados que solicitaron boletos en la primera preventa&#8230;<\/p>\n","protected":false},"author":1,"featured_media":1209,"comment_status":"open","ping_status":"closed","sticky":false,"template":"","format":"standard","meta":{"footnotes":""},"categories":[6],"tags":[],"class_list":["post-1208","post","type-post","status-publish","format-standard","has-post-thumbnail","hentry","category-deportes"],"_links":{"self":[{"href":"https:\/\/agridulcenoticias.com\/index.php\/wp-json\/wp\/v2\/posts\/1208","targetHints":{"allow":["GET"]}}],"collection":[{"href":"https:\/\/agridulcenoticias.com\/index.php\/wp-json\/wp\/v2\/posts"}],"about":[{"href":"https:\/\/agridulcenoticias.com\/index.php\/wp-json\/wp\/v2\/types\/post"}],"author":[{"embeddable":true,"href":"https:\/\/agridulcenoticias.com\/index.php\/wp-json\/wp\/v2\/users\/1"}],"replies":[{"embeddable":true,"href":"https:\/\/agridulcenoticias.com\/index.php\/wp-json\/wp\/v2\/comments?post=1208"}],"version-history":[{"count":0,"href":"https:\/\/agridulcenoticias.com\/index.php\/wp-json\/wp\/v2\/posts\/1208\/revisions"}],"wp:featuredmedia":[{"embeddable":true,"href":"https:\/\/agridulcenoticias.com\/index.php\/wp-json\/wp\/v2\/media\/1209"}],"wp:attachment":[{"href":"https:\/\/agridulcenoticias.com\/index.php\/wp-json\/wp\/v2\/media?parent=1208"}],"wp:term":[{"taxonomy":"category","embeddable":true,"href":"https:\/\/agridulcenoticias.com\/index.php\/wp-json\/wp\/v2\/categories?post=1208"},{"taxonomy":"post_tag","embeddable":true,"href":"https:\/\/agridulcenoticias.com\/index.php\/wp-json\/wp\/v2\/tags?post=1208"}],"curies":[{"name":"wp","href":"https:\/\/api.w.org\/{rel}","templated":true}]}}