{"id":1229,"date":"2025-09-20T14:49:00","date_gmt":"2025-09-20T20:49:00","guid":{"rendered":"https:\/\/radioomax.com\/?p=1229"},"modified":"2025-09-20T14:49:00","modified_gmt":"2025-09-20T20:49:00","slug":"aumenta-a-27-el-numero-de-muertos-tras-explosion-de-pipa-en-iztapalapa","status":"publish","type":"post","link":"https:\/\/agridulcenoticias.com\/index.php\/2025\/09\/20\/aumenta-a-27-el-numero-de-muertos-tras-explosion-de-pipa-en-iztapalapa\/","title":{"rendered":"Aumenta a 27 el n\u00famero de muertos tras explosi\u00f3n de pipa en Iztapalapa"},"content":{"rendered":"\n<p><a><\/a>La explosi\u00f3n de una pipa en Iztapalapa dej\u00f3 27 muertos, 18 hospitalizados y 39 personas dadas de alta, inform\u00f3 la Secretar\u00eda de Salud de CDMX<\/p>\n\n\n\n<p>La Secretar\u00eda de Salud de la Ciudad de M\u00e9xico inform\u00f3 que la explosi\u00f3n de una pipa de gas en el Puente de la Concordia, Iztapalapa, dej\u00f3 un saldo de 27 fallecidos, 18 personas hospitalizadas y 39 altas m\u00e9dicas.<\/p>\n\n\n\n<p>El accidente ocurri\u00f3 la tarde del mi\u00e9rcoles 10 de septiembre, alrededor de las 14:30 horas, cuando una pipa con capacidad de 49 mil 500 litros de gas volc\u00f3 en Calzada Ignacio Zaragoza, provocando una potente explosi\u00f3n que fue captada en video por peatones y automovilistas.<\/p>\n\n\n\n<p>Leer tambi\u00e9n: Ciudad de M\u00e9xico, una urbe en espera del pr\u00f3ximo terremoto<\/p>\n\n\n\n<p>Las v\u00edctimas presentaron principalmente quemaduras de segundo y tercer grado e intoxicaciones.<\/p>\n\n\n\n<p>Las autoridades contin\u00faan las investigaciones sobre la causa de los hechos que apuntaban a un choque contra el muro de contenci\u00f3n, lo que provoc\u00f3 una fuga de gas y posteriormente la explosi\u00f3n.<\/p>\n","protected":false},"excerpt":{"rendered":"<p>La explosi\u00f3n de una pipa en Iztapalapa dej\u00f3 27 muertos, 18 hospitalizados y 39 personas&#8230;<\/p>\n","protected":false},"author":1,"featured_media":1230,"comment_status":"open","ping_status":"closed","sticky":false,"template":"","format":"standard","meta":{"footnotes":""},"categories":[14],"tags":[],"class_list":["post-1229","post","type-post","status-publish","format-standard","has-post-thumbnail","hentry","category-nacional"],"_links":{"self":[{"href":"https:\/\/agridulcenoticias.com\/index.php\/wp-json\/wp\/v2\/posts\/1229","targetHints":{"allow":["GET"]}}],"collection":[{"href":"https:\/\/agridulcenoticias.com\/index.php\/wp-json\/wp\/v2\/posts"}],"about":[{"href":"https:\/\/agridulcenoticias.com\/index.php\/wp-json\/wp\/v2\/types\/post"}],"author":[{"embeddable":true,"href":"https:\/\/agridulcenoticias.com\/index.php\/wp-json\/wp\/v2\/users\/1"}],"replies":[{"embeddable":true,"href":"https:\/\/agridulcenoticias.com\/index.php\/wp-json\/wp\/v2\/comments?post=1229"}],"version-history":[{"count":0,"href":"https:\/\/agridulcenoticias.com\/index.php\/wp-json\/wp\/v2\/posts\/1229\/revisions"}],"wp:featuredmedia":[{"embeddable":true,"href":"https:\/\/agridulcenoticias.com\/index.php\/wp-json\/wp\/v2\/media\/1230"}],"wp:attachment":[{"href":"https:\/\/agridulcenoticias.com\/index.php\/wp-json\/wp\/v2\/media?parent=1229"}],"wp:term":[{"taxonomy":"category","embeddable":true,"href":"https:\/\/agridulcenoticias.com\/index.php\/wp-json\/wp\/v2\/categories?post=1229"},{"taxonomy":"post_tag","embeddable":true,"href":"https:\/\/agridulcenoticias.com\/index.php\/wp-json\/wp\/v2\/tags?post=1229"}],"curies":[{"name":"wp","href":"https:\/\/api.w.org\/{rel}","templated":true}]}}