{"id":1249,"date":"2025-09-21T09:58:22","date_gmt":"2025-09-21T15:58:22","guid":{"rendered":"https:\/\/radioomax.com\/?p=1249"},"modified":"2025-09-21T09:58:22","modified_gmt":"2025-09-21T15:58:22","slug":"explosion-de-pipa-en-iztapalapa-suman-29-muertos-por-el-siniestro","status":"publish","type":"post","link":"https:\/\/agridulcenoticias.com\/index.php\/2025\/09\/21\/explosion-de-pipa-en-iztapalapa-suman-29-muertos-por-el-siniestro\/","title":{"rendered":"Explosi\u00f3n de pipa en Iztapalapa: Suman 29 muertos por el siniestro"},"content":{"rendered":"\n<p><a><\/a>La Secretar\u00eda de Salud de la Ciudad de M\u00e9xico report\u00f3 adem\u00e1s que permanecen hospitalizadas 16 personas y ya se han dado de alta a 39 m\u00e1s<\/p>\n\n\n\n<p>La Secretar\u00eda de Salud de la Ciudad de M\u00e9xico inform\u00f3 la noche de este domingo 21 de septiembre que aument\u00f3 a 29 el n\u00famero de muertos por la explosi\u00f3n de una pipa en las inmediaciones del Puente de la Concordia, en la alcald\u00eda Iztapalapa de la Ciudad de M\u00e9xico.<\/p>\n\n\n\n<p>Al corte de las 22:00 h, la dependencia confirm\u00f3 el deceso de dos pacientes m\u00e1s: Adolfo Franco Madrigal, de 36 a\u00f1os y quien se encontraba internado en el Hospital Regional Zaragoza ISSSTE; y Ali Yael Gonz\u00e1lez Aranda, de 18 a\u00f1os de edad y quien se encontraba en el Instituto Nacional de Rehabilitaci\u00f3n.<\/p>\n\n\n\n<p>La tarde de este domingo Mart\u00ed Batres, director del Instituto de Seguridad y Servicios Sociales de los Trabajadores del Estado (ISSTE), confirm\u00f3 el fallecimiento de Franco Madrigal.<\/p>\n\n\n\n<p>La Secretar\u00eda de Salud de la Ciudad de M\u00e9xico report\u00f3 adem\u00e1s que permanecen hospitalizadas 16 personas y ya se han dado de alta a 39 m\u00e1s.<\/p>\n\n\n\n<p>\u00bfC\u00f3mo ocurri\u00f3 la explosi\u00f3n de la pipa en Iztapalapa?<\/p>\n\n\n\n<p>La explosi\u00f3n ocurri\u00f3 la tarde del mi\u00e9rcoles 10 de septiembre, cuando una pipa con capacidad de 49 mil 500 litros de gas volc\u00f3 y explot\u00f3 en la Calzada Ignacio Zaragoza, justo a la altura del Puente de la Concordia, Iztapalapa.<\/p>\n\n\n\n<p>Conclusiones del primer peritaje de la Fiscal\u00eda General de Justicia de la capital (FGJ CDMX) apunt\u00f3 al exceso de velocidad y la falta de pericia del conductor de la pipa de gas, perteneciente a la compa\u00f1\u00eda Silza, provocaron la volcadura del veh\u00edculo y la posterior explosi\u00f3n en Iztapalapa el mi\u00e9rcoles 10 de septiembre de 2025.<\/p>\n\n\n\n<p>Te puede interesar: Jazlyn, sobreviviente a explosi\u00f3n en Iztapalapa, es extubada y permanece en estado cr\u00edtico en Texas<\/p>\n\n\n\n<p>Asimismo, precisaron que el conductor iba a una velocidad \u201cdel orden de los 50 kil\u00f3metros por hora\u201d, mientras que la m\u00e1xima permitida en la zona es de 40 kil\u00f3metros por hora\u201d y que perdi\u00f3 el control de la unidad en una glorieta.<\/p>\n\n\n\n<p>Tambi\u00e9n apunt\u00f3 que el manejo del tractocami\u00f3n se hizo \u201csin la suficiente capacidad t\u00e9cnica al momento del hecho, ya que no mantuvo el control direccional del mismo as\u00ed como su carril de circulaci\u00f3n correspondiente\u201d.<\/p>\n\n\n\n<p>El documento compartido por la Coordinaci\u00f3n General de Servicios Periciales de la Fiscal\u00eda capitalina esclarece que \u201cel estado del pavimento en el per\u00edmetro del siniestro estaba seco\u201d y que no hubo obst\u00e1culos en el terreno, como baches o topes, por lo que \u201cel accidente sucedi\u00f3 en el momento que el conductor perdi\u00f3 el control\u201d.<\/p>\n","protected":false},"excerpt":{"rendered":"<p>La Secretar\u00eda de Salud de la Ciudad de M\u00e9xico report\u00f3 adem\u00e1s que permanecen hospitalizadas 16&#8230;<\/p>\n","protected":false},"author":1,"featured_media":1250,"comment_status":"open","ping_status":"closed","sticky":false,"template":"","format":"standard","meta":{"footnotes":""},"categories":[14],"tags":[],"class_list":["post-1249","post","type-post","status-publish","format-standard","has-post-thumbnail","hentry","category-nacional"],"_links":{"self":[{"href":"https:\/\/agridulcenoticias.com\/index.php\/wp-json\/wp\/v2\/posts\/1249","targetHints":{"allow":["GET"]}}],"collection":[{"href":"https:\/\/agridulcenoticias.com\/index.php\/wp-json\/wp\/v2\/posts"}],"about":[{"href":"https:\/\/agridulcenoticias.com\/index.php\/wp-json\/wp\/v2\/types\/post"}],"author":[{"embeddable":true,"href":"https:\/\/agridulcenoticias.com\/index.php\/wp-json\/wp\/v2\/users\/1"}],"replies":[{"embeddable":true,"href":"https:\/\/agridulcenoticias.com\/index.php\/wp-json\/wp\/v2\/comments?post=1249"}],"version-history":[{"count":0,"href":"https:\/\/agridulcenoticias.com\/index.php\/wp-json\/wp\/v2\/posts\/1249\/revisions"}],"wp:featuredmedia":[{"embeddable":true,"href":"https:\/\/agridulcenoticias.com\/index.php\/wp-json\/wp\/v2\/media\/1250"}],"wp:attachment":[{"href":"https:\/\/agridulcenoticias.com\/index.php\/wp-json\/wp\/v2\/media?parent=1249"}],"wp:term":[{"taxonomy":"category","embeddable":true,"href":"https:\/\/agridulcenoticias.com\/index.php\/wp-json\/wp\/v2\/categories?post=1249"},{"taxonomy":"post_tag","embeddable":true,"href":"https:\/\/agridulcenoticias.com\/index.php\/wp-json\/wp\/v2\/tags?post=1249"}],"curies":[{"name":"wp","href":"https:\/\/api.w.org\/{rel}","templated":true}]}}