{"id":1252,"date":"2025-09-21T10:01:46","date_gmt":"2025-09-21T16:01:46","guid":{"rendered":"https:\/\/radioomax.com\/?p=1252"},"modified":"2025-09-21T10:01:46","modified_gmt":"2025-09-21T16:01:46","slug":"julio-cesar-el-buzo-de-aguas-negras-que-combate-las-inundaciones-en-la-cdmx","status":"publish","type":"post","link":"https:\/\/agridulcenoticias.com\/index.php\/2025\/09\/21\/julio-cesar-el-buzo-de-aguas-negras-que-combate-las-inundaciones-en-la-cdmx\/","title":{"rendered":"Julio C\u00e9sar, el buzo de aguas negras que combate las inundaciones en la CDMX"},"content":{"rendered":"\n<p><a><\/a>Julio C\u00e9sar Cu explica que su labor, basada solo en el tacto y la comunicaci\u00f3n con la superficie, consiste en el mantenimiento de rejillas, la limpieza e instalaci\u00f3n de las compuertas y bombas en los sistemas de drenaje de la CDMX<\/p>\n\n\n\n<p>Las intensas lluvias registradas durante los meses de verano en Ciudad de M\u00e9xico provocaron inundaciones que colapsaron varios sistemas de drenaje, por la cantidad de precipitaciones y basura que se filtra al sistema de alcantarillado de la capital mexicana, una problem\u00e1tica que combate Julio C\u00e9sar Cu, el \u00fanico buzo de aguas negras del mundo.<\/p>\n\n\n\n<p>Cu, quien lleva 42 a\u00f1os haciendo este trabajo en el que s\u00f3lo pensaba estar \u201ctres meses\u201d, explica a EFE que su labor, basada solo en el tacto y la comunicaci\u00f3n con la superficie, consiste en el mantenimiento de rejillas, la limpieza e instalaci\u00f3n de las compuertas y bombas que se obstruyen con las llantas, troncos o electrodom\u00e9sticos que se tiran.<\/p>\n\n\n\n<p>Cuando entro, a los diez cent\u00edmetros, pierdo totalmente la visibilidad y trabajo totalmente a ciegas. Como ya conocemos c\u00f3mo es el funcionamiento de las plantas, de las bombas y los lugares donde est\u00e1n las descargas y las llegadas, todo lo voy haciendo a tientas\u201d, se\u00f1ala el buzo.<\/p>\n\n\n\n<p>El motivo principal de su trabajo se debe a los problemas causados en la infraestructura por la basura.<\/p>\n\n\n\n<p>Mi mensaje es recurrente (\u2026) no tires la basura al drenaje. Porque a final de cuentas yo sigo trabajando, haciendo lo m\u00e1s posible, pero nos gana la cantidad de basura que se tira a la calle\u201d, dice.<\/p>\n\n\n\n<p>Asegura que esta situaci\u00f3n no solo complica su trabajo, sino que tambi\u00e9n perjudica a la comunidad.<\/p>\n\n\n\n<p>\u201cEsa basura que se tira, a la larga, va a afectar en una inundaci\u00f3n\u201d, reitera Cu.<\/p>\n\n\n\n<p>\u00bfC\u00f3mo Julio C\u00e9sar Cu, \u00fanico buzo de aguas negras del mundo?<\/p>\n\n\n\n<p>Con una disponibilidad de 24 horas los 365 d\u00edas del a\u00f1o, Cu y su equipo, conformado por Agust\u00edn y Jes\u00fas, los encargados del control de la consola y de mantener el material, trabajan desde su oficina a la espera de una llamada para atender una emergencia o un trabajo programado en una planta espec\u00edfica.<\/p>\n\n\n\n<p>Una vez que se conoce la labor que deben realizar, ya en la planta, Cu comienza a equiparse con un traje herm\u00e9tico de solo una pieza que le cubre todo el cuerpo excepto las manos, para las que utiliza unos guantes con los que obtiene una mayor sensibilidad.<\/p>\n\n\n\n<p>Mientras que en la cabeza se pone una pesada escafandra equipada con aud\u00edfonos y un micr\u00f3fono que le conectan a una especie de \u201ccord\u00f3n umbilical\u201d por el que recibe el ox\u00edgeno y las conexiones para poder comunicarse con su equipo en la tierra.<\/p>\n\n\n\n<p>Con la vestimenta puesta, comienza el descenso desde una gr\u00faa o una escalera hacia el agua contaminada en la que la basura y la suciedad no permiten ning\u00fan tipo de visibilidad.<\/p>\n\n\n\n<p>Pese a su \u201cpasi\u00f3n por el trabajo\u201d y la satisfacci\u00f3n personal de saber que su labor beneficia directamente a la ciudad, Cu se\u00f1ala que hay un peligro cada vez que se sumerge en una agua contaminada por desechos domiciliarios, industriales y hospitalarios.<\/p>\n\n\n\n<p>Corremos el riesgo de que abajo por la cantidad de clavos, vidrios y maderas que hay puedan rasgar nuestro traje o nos pueden golpear\u201d, dice.<\/p>\n\n\n\n<p>Por ello, asegura que cuando trabaja en una zona de cerros o donde est\u00e1 lloviendo, debe tener mucho cuidado \u201cpara que no nos llegue el golpe de agua y nos pueda hacer da\u00f1o. Corremos el riesgo tambi\u00e9n de que se nos pueda romper el cord\u00f3n umbilical o quedar atorado\u201d.<\/p>\n\n\n\n<p>A sus 64 a\u00f1os y sin un relevo que tome el testigo del vital trabajo, le gustar\u00eda que hubiera m\u00e1s personas dedicadas a este trabajo, aunque reconoce que es desagradable y requiere pasi\u00f3n.<\/p>\n\n\n\n<p>\u201cMe gusta mi trabajo. Me apasiona. Me emociono cada que salgo a trabajar, me da satisfacci\u00f3n salir de una inmersi\u00f3n y haberlo realizado (\u2026). Entonces, yo creo que m\u00e1s que todo es amor al trabajo\u201d, afirma<\/p>\n","protected":false},"excerpt":{"rendered":"<p>Julio C\u00e9sar Cu explica que su labor, basada solo en el tacto y la comunicaci\u00f3n&#8230;<\/p>\n","protected":false},"author":1,"featured_media":1253,"comment_status":"open","ping_status":"closed","sticky":false,"template":"","format":"standard","meta":{"footnotes":""},"categories":[14],"tags":[],"class_list":["post-1252","post","type-post","status-publish","format-standard","has-post-thumbnail","hentry","category-nacional"],"_links":{"self":[{"href":"https:\/\/agridulcenoticias.com\/index.php\/wp-json\/wp\/v2\/posts\/1252","targetHints":{"allow":["GET"]}}],"collection":[{"href":"https:\/\/agridulcenoticias.com\/index.php\/wp-json\/wp\/v2\/posts"}],"about":[{"href":"https:\/\/agridulcenoticias.com\/index.php\/wp-json\/wp\/v2\/types\/post"}],"author":[{"embeddable":true,"href":"https:\/\/agridulcenoticias.com\/index.php\/wp-json\/wp\/v2\/users\/1"}],"replies":[{"embeddable":true,"href":"https:\/\/agridulcenoticias.com\/index.php\/wp-json\/wp\/v2\/comments?post=1252"}],"version-history":[{"count":0,"href":"https:\/\/agridulcenoticias.com\/index.php\/wp-json\/wp\/v2\/posts\/1252\/revisions"}],"wp:featuredmedia":[{"embeddable":true,"href":"https:\/\/agridulcenoticias.com\/index.php\/wp-json\/wp\/v2\/media\/1253"}],"wp:attachment":[{"href":"https:\/\/agridulcenoticias.com\/index.php\/wp-json\/wp\/v2\/media?parent=1252"}],"wp:term":[{"taxonomy":"category","embeddable":true,"href":"https:\/\/agridulcenoticias.com\/index.php\/wp-json\/wp\/v2\/categories?post=1252"},{"taxonomy":"post_tag","embeddable":true,"href":"https:\/\/agridulcenoticias.com\/index.php\/wp-json\/wp\/v2\/tags?post=1252"}],"curies":[{"name":"wp","href":"https:\/\/api.w.org\/{rel}","templated":true}]}}