{"id":1270,"date":"2025-09-22T10:16:58","date_gmt":"2025-09-22T16:16:58","guid":{"rendered":"https:\/\/radioomax.com\/?p=1270"},"modified":"2025-09-22T10:16:58","modified_gmt":"2025-09-22T16:16:58","slug":"hay-buenos-resultados-en-seguridad-pero-no-es-un-asunto-terminado-americo","status":"publish","type":"post","link":"https:\/\/agridulcenoticias.com\/index.php\/2025\/09\/22\/hay-buenos-resultados-en-seguridad-pero-no-es-un-asunto-terminado-americo\/","title":{"rendered":"\u201cHay buenos resultados en seguridad, pero no es un asunto terminado\u201d: Am\u00e9rico"},"content":{"rendered":"\n<p><a><\/a>CIUDAD VICTORIA, TAMPS. Aunque los resultados del INEGI colocan a Tamaulipas con la segunda tasa m\u00e1s baja de v\u00edctimas de delito por cada 100 mil habitantes, el tema de seguridad \u201cno es un asunto terminado\u201d, asegur\u00f3 el Gobernador Am\u00e9rico Villarreal Anaya.<\/p>\n\n\n\n<p>\u201cEsto no es un asunto terminado, amerita todos los d\u00edas, como lo hacemos diariamente, estar en la mesa de seguridad, pasando visita como m\u00e9dico en las condiciones que se imperan en cada uno de estas regiones y municipios y poder seguir trabajando en ese sentido\u201d.<\/p>\n\n\n\n<p>Reconoci\u00f3 que se debe seguir trabajando como sociedad en forma colaborativa con las autoridades para hacer las denuncias que correspondan \u201cpara que a trav\u00e9s de la denuncia podamos seguir incrementando esta contenci\u00f3n de los hechos delictivos\u201d.<\/p>\n\n\n\n<p>Destac\u00f3 las encuestas que realiza el Inegi y ubican a la entidad como el segundo estado en n\u00famero de denuncias por cada 100,000 habitantes:<\/p>\n\n\n\n<p>\u201cEsa es la condici\u00f3n que tambi\u00e9n nosotros percibimos que se han ido disminuyendo los indicadores delincuenciales de m\u00e1s impacto\u201d.<\/p>\n\n\n\n<p>En este rubro apunt\u00f3 que la entidad junto a otras tres entidades, han disminuido m\u00e1s los indicadores de alto impacto a nivel nacional con m\u00e1s del 50% por ciento, explicando que hace falta trabajar para disminuir la incidencia de violencia intrafamiliar.<\/p>\n\n\n\n<p>\u201cDentro de nuestras familias, comencemos a disminuir la incidencia de las denuncias de violencia intrafamiliar, muchas veces es la semilla donde comienzan a progresar muchos de otros tipificaciones de agravios, entre nosotros como sociedad\u201d.<\/p>\n","protected":false},"excerpt":{"rendered":"<p>CIUDAD VICTORIA, TAMPS. Aunque los resultados del INEGI colocan a Tamaulipas con la segunda tasa&#8230;<\/p>\n","protected":false},"author":1,"featured_media":1271,"comment_status":"open","ping_status":"closed","sticky":false,"template":"","format":"standard","meta":{"footnotes":""},"categories":[5],"tags":[],"class_list":["post-1270","post","type-post","status-publish","format-standard","has-post-thumbnail","hentry","category-tamaulipas"],"_links":{"self":[{"href":"https:\/\/agridulcenoticias.com\/index.php\/wp-json\/wp\/v2\/posts\/1270","targetHints":{"allow":["GET"]}}],"collection":[{"href":"https:\/\/agridulcenoticias.com\/index.php\/wp-json\/wp\/v2\/posts"}],"about":[{"href":"https:\/\/agridulcenoticias.com\/index.php\/wp-json\/wp\/v2\/types\/post"}],"author":[{"embeddable":true,"href":"https:\/\/agridulcenoticias.com\/index.php\/wp-json\/wp\/v2\/users\/1"}],"replies":[{"embeddable":true,"href":"https:\/\/agridulcenoticias.com\/index.php\/wp-json\/wp\/v2\/comments?post=1270"}],"version-history":[{"count":0,"href":"https:\/\/agridulcenoticias.com\/index.php\/wp-json\/wp\/v2\/posts\/1270\/revisions"}],"wp:featuredmedia":[{"embeddable":true,"href":"https:\/\/agridulcenoticias.com\/index.php\/wp-json\/wp\/v2\/media\/1271"}],"wp:attachment":[{"href":"https:\/\/agridulcenoticias.com\/index.php\/wp-json\/wp\/v2\/media?parent=1270"}],"wp:term":[{"taxonomy":"category","embeddable":true,"href":"https:\/\/agridulcenoticias.com\/index.php\/wp-json\/wp\/v2\/categories?post=1270"},{"taxonomy":"post_tag","embeddable":true,"href":"https:\/\/agridulcenoticias.com\/index.php\/wp-json\/wp\/v2\/tags?post=1270"}],"curies":[{"name":"wp","href":"https:\/\/api.w.org\/{rel}","templated":true}]}}