{"id":1316,"date":"2025-09-24T14:39:00","date_gmt":"2025-09-24T20:39:00","guid":{"rendered":"https:\/\/radioomax.com\/?p=1316"},"modified":"2025-09-24T14:39:00","modified_gmt":"2025-09-24T20:39:00","slug":"amplia-monica-villarreal-acciones-contra-la-violencia-domestica","status":"publish","type":"post","link":"https:\/\/agridulcenoticias.com\/index.php\/2025\/09\/24\/amplia-monica-villarreal-acciones-contra-la-violencia-domestica\/","title":{"rendered":"Ampl\u00eda M\u00f3nica Villarreal Acciones contra la Violencia Dom\u00e9stica"},"content":{"rendered":"\n<p><a><\/a>Tampico, Tamaulipas.- Con el objetivo de disminuir la violencia al interior de los hogares, mediante el fortalecimiento de acciones preventivas, la alcaldesa M\u00f3nica Villarreal Anaya, encabez\u00f3 una reuni\u00f3n con la Red de Mujeres y habitantes de la colonia Ni\u00f1os H\u00e9roes, donde se imparti\u00f3 una conferencia sobre la identificaci\u00f3n de las violencias.<\/p>\n\n\n\n<p>La pl\u00e1tica estuvo a cargo de la presidenta de la Barra de Juristas con Perspectiva de G\u00e9nero A.C., Nury Romero Santiago, quien mostr\u00f3 a las asistentes el violent\u00f3metro, para que identifiquen los tipos de violencia, y la clasificaci\u00f3n de maltratos existentes.<\/p>\n\n\n\n<p>Ah\u00ed M\u00f3nica Villarreal destac\u00f3 que el conocimiento es la primera barrera para evitar ser v\u00edctimas de violencia y reiter\u00f3 que el Gobierno Municipal trabaja de la mano con la sociedad civil para generar conciencia y construir un entorno m\u00e1s seguro.<\/p>\n\n\n\n<p>\u201cHoy nos damos cuenta que la violencia no solo ocurre en las calles, tambi\u00e9n sucede dentro de los hogares. Por ello es fundamental identificarla a tiempo. Una broma hiriente, un comentario ofensivo o un gesto que lastima, son se\u00f1ales que no debemos normalizar. Con estas pl\u00e1ticas buscamos que las mujeres y los hombres tengan claridad sobre las distintas formas de violencia y sepan c\u00f3mo actuar para prevenirlas\u201d.<\/p>\n\n\n\n<p>Subray\u00f3 que el Gobierno municipal a trav\u00e9s de la Secretar\u00eda de Bienestar Social y de la Direcci\u00f3n de Prevenci\u00f3n del Delito, en coordinaci\u00f3n con asociaciones como la Red de Mujeres, ofrece acompa\u00f1amiento y capacitaci\u00f3n constante, con el prop\u00f3sito de que cada persona pueda reconocer estas conductas y detenerlas antes de que escalen.<\/p>\n\n\n\n<p>\u201cSi replicamos este conocimiento en nuestros hogares y con nuestros amigos, estaremos creando una red de protecci\u00f3n ciudadana que contribuya a la paz social. Ninguna mujer ni ning\u00fan hombre de Tampico estar\u00e1 solo; cuentan con una administraci\u00f3n municipal que los escucha, atiende y da respuesta a sus necesidades\u201d, apunt\u00f3.<\/p>\n\n\n\n<p>Finalmente, Villarreal Anaya agradeci\u00f3 la participaci\u00f3n de la Barra de Juristas con Perspectiva de G\u00e9nero A.C., quienes con su experiencia y compromiso social refuerzan la formaci\u00f3n ciudadana, se\u00f1alando que este tipo de acciones contribuyen a la protecci\u00f3n familiar y a la generaci\u00f3n de entornos de paz y armon\u00eda.<\/p>\n","protected":false},"excerpt":{"rendered":"<p>Tampico, Tamaulipas.- Con el objetivo de disminuir la violencia al interior de los hogares, mediante&#8230;<\/p>\n","protected":false},"author":1,"featured_media":1317,"comment_status":"open","ping_status":"closed","sticky":false,"template":"","format":"standard","meta":{"footnotes":""},"categories":[5,2],"tags":[],"class_list":["post-1316","post","type-post","status-publish","format-standard","has-post-thumbnail","hentry","category-tamaulipas","category-tampico"],"_links":{"self":[{"href":"https:\/\/agridulcenoticias.com\/index.php\/wp-json\/wp\/v2\/posts\/1316","targetHints":{"allow":["GET"]}}],"collection":[{"href":"https:\/\/agridulcenoticias.com\/index.php\/wp-json\/wp\/v2\/posts"}],"about":[{"href":"https:\/\/agridulcenoticias.com\/index.php\/wp-json\/wp\/v2\/types\/post"}],"author":[{"embeddable":true,"href":"https:\/\/agridulcenoticias.com\/index.php\/wp-json\/wp\/v2\/users\/1"}],"replies":[{"embeddable":true,"href":"https:\/\/agridulcenoticias.com\/index.php\/wp-json\/wp\/v2\/comments?post=1316"}],"version-history":[{"count":0,"href":"https:\/\/agridulcenoticias.com\/index.php\/wp-json\/wp\/v2\/posts\/1316\/revisions"}],"wp:featuredmedia":[{"embeddable":true,"href":"https:\/\/agridulcenoticias.com\/index.php\/wp-json\/wp\/v2\/media\/1317"}],"wp:attachment":[{"href":"https:\/\/agridulcenoticias.com\/index.php\/wp-json\/wp\/v2\/media?parent=1316"}],"wp:term":[{"taxonomy":"category","embeddable":true,"href":"https:\/\/agridulcenoticias.com\/index.php\/wp-json\/wp\/v2\/categories?post=1316"},{"taxonomy":"post_tag","embeddable":true,"href":"https:\/\/agridulcenoticias.com\/index.php\/wp-json\/wp\/v2\/tags?post=1316"}],"curies":[{"name":"wp","href":"https:\/\/api.w.org\/{rel}","templated":true}]}}