{"id":1319,"date":"2025-09-24T14:43:00","date_gmt":"2025-09-24T20:43:00","guid":{"rendered":"https:\/\/radioomax.com\/?p=1319"},"modified":"2025-09-24T14:43:00","modified_gmt":"2025-09-24T20:43:00","slug":"erasmo-inaugura-nueva-calle-de-la-historica-inversion-de-215-mdp-en-2025","status":"publish","type":"post","link":"https:\/\/agridulcenoticias.com\/index.php\/2025\/09\/24\/erasmo-inaugura-nueva-calle-de-la-historica-inversion-de-215-mdp-en-2025\/","title":{"rendered":"Erasmo inaugura nueva calle; de la hist\u00f3rica inversi\u00f3n de 215 mdp en 2025"},"content":{"rendered":"\n<p><a><\/a>Cd. Madero, Tamaulipas.- El presidente municipal, Erasmo Gonz\u00e1lez Robledo, junto a la presidenta del Sistema DIF de Ciudad Madero, Lic. Dunia Mar\u00f3n Acu\u00f1a, inaugur\u00f3 una nueva calle pavimentada con concreto hidr\u00e1ulico. Esta obra forma parte de la hist\u00f3rica inversi\u00f3n p\u00fablica de 215 millones de pesos destinada para el a\u00f1o 2025, destacando la vialidad Jos\u00e9 Mar\u00eda Pino Su\u00e1rez en la colonia Ampliaci\u00f3n Emiliano Zapata, la cual fue recibida con gran entusiasmo por las y los vecinos de ese sector.<\/p>\n\n\n\n<p>Durante el acto, el alcalde refrend\u00f3 su compromiso de seguir trabajando cerca de la gente hasta el \u00faltimo d\u00eda de su administraci\u00f3n y atendiendo de manera prioritaria a las familias de las colonias que por a\u00f1os han esperado mejores condiciones de vida.<\/p>\n\n\n\n<p>\u201cEstas acciones dignifican la vida de las y los vecinos y forma parte de este programa hist\u00f3rico que estamos entregando en Ciudad Madero de 215 millones de pesos y que reitero me da mucho gusto hacer estas obras que son \u00fatiles para toda la comunidad\u201d, expres\u00f3 Gonz\u00e1lez Robledo, quien tambi\u00e9n estuvo acompa\u00f1ado por integrantes del Cabildo maderense.<\/p>\n\n\n\n<p>De acuerdo con la informaci\u00f3n proporcionada por el director general de Obras P\u00fablicas, Timoteo Vicencio Valente, se ejecut\u00f3 una inversi\u00f3n cercana a los 4 millones de pesos del programa FAISMUN para la construcci\u00f3n de 148 metros lineales de pavimento hidr\u00e1ulico, abarcando una superficie de 1326 metros cuadrados, lo que permitir\u00e1 mejorar la movilidad urbana y facilitar el acceso a los hogares, as\u00ed como a los alumnos y maestros del Jard\u00edn de Ni\u00f1os \u201cSergio Mart\u00ednez Cavazos\u201d.<\/p>\n\n\n\n<p>Los trabajos tambi\u00e9n incluyen la rehabilitaci\u00f3n de la l\u00ednea de agua potable y drenaje sanitario, as\u00ed como las descargas sanitarias, la construcci\u00f3n de rampas para discapacitados, 295 metros lineales de guarniciones y 350 metros cuadrados de banquetas.<\/p>\n\n\n\n<p>Al agradecer la obra que por a\u00f1os fue una necesidad, la directora del plantel educativo ubicado en ese sector del norte de la ciudad, Maestra Araceli M\u00e1rquez Castillo, dijo que representa un beneficio para las familias y los alumnos, porque ahora tendr\u00e1n un acceso m\u00e1s seguro y facilitar\u00e1 la entrada de servicios.<\/p>\n\n\n\n<p>\u201cGracias por cumplir con hechos y no s\u00f3lo con palabras. Estamos seguros de que esta calle es muestra del compromiso que tiene con nuestra ciudad y con cada colonia. Cuenten con nuestro apoyo para seguir trabajando juntos por un Madero mejor\u201d, puntualiz\u00f3.<\/p>\n","protected":false},"excerpt":{"rendered":"<p>Cd. Madero, Tamaulipas.- El presidente municipal, Erasmo Gonz\u00e1lez Robledo, junto a la presidenta del Sistema&#8230;<\/p>\n","protected":false},"author":1,"featured_media":1320,"comment_status":"open","ping_status":"closed","sticky":false,"template":"","format":"standard","meta":{"footnotes":""},"categories":[3,5],"tags":[],"class_list":["post-1319","post","type-post","status-publish","format-standard","has-post-thumbnail","hentry","category-madero","category-tamaulipas"],"_links":{"self":[{"href":"https:\/\/agridulcenoticias.com\/index.php\/wp-json\/wp\/v2\/posts\/1319","targetHints":{"allow":["GET"]}}],"collection":[{"href":"https:\/\/agridulcenoticias.com\/index.php\/wp-json\/wp\/v2\/posts"}],"about":[{"href":"https:\/\/agridulcenoticias.com\/index.php\/wp-json\/wp\/v2\/types\/post"}],"author":[{"embeddable":true,"href":"https:\/\/agridulcenoticias.com\/index.php\/wp-json\/wp\/v2\/users\/1"}],"replies":[{"embeddable":true,"href":"https:\/\/agridulcenoticias.com\/index.php\/wp-json\/wp\/v2\/comments?post=1319"}],"version-history":[{"count":0,"href":"https:\/\/agridulcenoticias.com\/index.php\/wp-json\/wp\/v2\/posts\/1319\/revisions"}],"wp:featuredmedia":[{"embeddable":true,"href":"https:\/\/agridulcenoticias.com\/index.php\/wp-json\/wp\/v2\/media\/1320"}],"wp:attachment":[{"href":"https:\/\/agridulcenoticias.com\/index.php\/wp-json\/wp\/v2\/media?parent=1319"}],"wp:term":[{"taxonomy":"category","embeddable":true,"href":"https:\/\/agridulcenoticias.com\/index.php\/wp-json\/wp\/v2\/categories?post=1319"},{"taxonomy":"post_tag","embeddable":true,"href":"https:\/\/agridulcenoticias.com\/index.php\/wp-json\/wp\/v2\/tags?post=1319"}],"curies":[{"name":"wp","href":"https:\/\/api.w.org\/{rel}","templated":true}]}}