{"id":1322,"date":"2025-09-24T14:46:00","date_gmt":"2025-09-24T20:46:00","guid":{"rendered":"https:\/\/radioomax.com\/?p=1322"},"modified":"2025-09-24T14:46:00","modified_gmt":"2025-09-24T20:46:00","slug":"dif-tamaulipas-impulsa-bienestar-en-comunidades-rurales-con-estufas-ecologicas-y-proyectos-de-captacion-de-agua","status":"publish","type":"post","link":"https:\/\/agridulcenoticias.com\/index.php\/2025\/09\/24\/dif-tamaulipas-impulsa-bienestar-en-comunidades-rurales-con-estufas-ecologicas-y-proyectos-de-captacion-de-agua\/","title":{"rendered":"DIF Tamaulipas impulsa bienestar en comunidades rurales con estufas ecol\u00f3gicas y proyectos de captaci\u00f3n de agua"},"content":{"rendered":"\n<p>Llera, Tamaulipas.\u2013 Con la firme convicci\u00f3n de mejorar la calidad de vida de las familias que habitan en zonas rurales, el Sistema DIF Tamaulipas, que preside la doctora Mar\u00eda de Villarreal, contin\u00faa llevando beneficios a las comunidades m\u00e1s apartadas mediante los programas de Salud y Bienestar Comunitario y Econom\u00eda Solidaria.<\/p>\n\n\n\n<p>En esta ocasi\u00f3n, se entregaron 18 estufas ecol\u00f3gicas en los ejidos Nuevo San Luis y El Encinito de Llera, as\u00ed como 20 en la localidad de El Mezquital en Matamoros, sumando un total de 131 estufas distribuidas en lo que va del a\u00f1o. Estas herramientas representan un cambio significativo para las familias, ya que permiten cocinar de forma m\u00e1s segura y saludable, reducen la tala de \u00e1rboles y previenen enfermedades respiratorias ocasionadas por el humo de le\u00f1a, que en algunos casos llega a ser mortal.<\/p>\n\n\n\n<p>De manera paralela, en el ejido Comas Altas del municipio de M\u00e9ndez, se present\u00f3 un proyecto de captaci\u00f3n de agua, dise\u00f1ado para aprovechar la lluvia que cae sobre los techos de las viviendas y otras construcciones, ofreciendo una alternativa sustentable para garantizar el acceso a este recurso en zonas vulnerables.<\/p>\n\n\n\n<p>Estos apoyos llegan gracias al compromiso de los Mensajeros de Paz, integrantes de la Direcci\u00f3n de Desarrollo Comunitario del DIF Estatal, quienes recorren las comunidades llevando equipos, insumos y capacitaciones que brindan a las familias herramientas para vivir en mejores condiciones, fortaleciendo la salud, el bienestar y la armon\u00eda dentro de cada comunidad.<\/p>\n","protected":false},"excerpt":{"rendered":"<p>Llera, Tamaulipas.\u2013 Con la firme convicci\u00f3n de mejorar la calidad de vida de las familias&#8230;<\/p>\n","protected":false},"author":1,"featured_media":1323,"comment_status":"open","ping_status":"closed","sticky":false,"template":"","format":"standard","meta":{"footnotes":""},"categories":[5],"tags":[],"class_list":["post-1322","post","type-post","status-publish","format-standard","has-post-thumbnail","hentry","category-tamaulipas"],"_links":{"self":[{"href":"https:\/\/agridulcenoticias.com\/index.php\/wp-json\/wp\/v2\/posts\/1322","targetHints":{"allow":["GET"]}}],"collection":[{"href":"https:\/\/agridulcenoticias.com\/index.php\/wp-json\/wp\/v2\/posts"}],"about":[{"href":"https:\/\/agridulcenoticias.com\/index.php\/wp-json\/wp\/v2\/types\/post"}],"author":[{"embeddable":true,"href":"https:\/\/agridulcenoticias.com\/index.php\/wp-json\/wp\/v2\/users\/1"}],"replies":[{"embeddable":true,"href":"https:\/\/agridulcenoticias.com\/index.php\/wp-json\/wp\/v2\/comments?post=1322"}],"version-history":[{"count":0,"href":"https:\/\/agridulcenoticias.com\/index.php\/wp-json\/wp\/v2\/posts\/1322\/revisions"}],"wp:featuredmedia":[{"embeddable":true,"href":"https:\/\/agridulcenoticias.com\/index.php\/wp-json\/wp\/v2\/media\/1323"}],"wp:attachment":[{"href":"https:\/\/agridulcenoticias.com\/index.php\/wp-json\/wp\/v2\/media?parent=1322"}],"wp:term":[{"taxonomy":"category","embeddable":true,"href":"https:\/\/agridulcenoticias.com\/index.php\/wp-json\/wp\/v2\/categories?post=1322"},{"taxonomy":"post_tag","embeddable":true,"href":"https:\/\/agridulcenoticias.com\/index.php\/wp-json\/wp\/v2\/tags?post=1322"}],"curies":[{"name":"wp","href":"https:\/\/api.w.org\/{rel}","templated":true}]}}