{"id":1325,"date":"2025-09-24T14:49:00","date_gmt":"2025-09-24T20:49:00","guid":{"rendered":"https:\/\/radioomax.com\/?p=1325"},"modified":"2025-09-24T14:49:00","modified_gmt":"2025-09-24T20:49:00","slug":"gobernador-y-rector-inauguran-dia-de-la-investigacion-uat-2025","status":"publish","type":"post","link":"https:\/\/agridulcenoticias.com\/index.php\/2025\/09\/24\/gobernador-y-rector-inauguran-dia-de-la-investigacion-uat-2025\/","title":{"rendered":"Gobernador y rector inauguran \u2018D\u00eda de la Investigaci\u00f3n UAT 2025\u2019"},"content":{"rendered":"\n<p><a><\/a>CIUDAD VICTORIA, TAMPS. El gobernador del Estado, Am\u00e9rico Villarreal Anaya, y el rector de la Universidad Aut\u00f3noma de Tamaulipas (UAT), D\u00e1maso Anaya Alvarado, pusieron en marcha las actividades del \u2018D\u00eda de la Investigaci\u00f3n UAT 2025\u2019, que reuni\u00f3 a la comunidad cient\u00edfica universitaria con el objetivo de acercar la ciencia y la innovaci\u00f3n a las y los j\u00f3venes estudiantes de la entidad.<\/p>\n\n\n\n<p>En la jornada, desarrollada en el Gimnasio Multidisciplinario Victoria, el mandatario estatal reafirm\u00f3, junto al rector, su apoyo a las actividades cient\u00edficas que impulsa la casa de estudios, destacando el papel esencial de la instituci\u00f3n en la formaci\u00f3n de profesionistas que contribuyen al bienestar colectivo y al desarrollo del estado.<\/p>\n\n\n\n<p>Durante la ceremonia, que cont\u00f3 con la presencia de la Lic. Isolda Rend\u00f3n de Anaya, presidenta de Familia UAT, y el secretario de Educaci\u00f3n de Tamaulipas, Miguel \u00c1ngel Vald\u00e9s Garc\u00eda, as\u00ed como autoridades universitarias, el rector D\u00e1maso Anaya agradeci\u00f3 al gobernador su respaldo que ha permitido consolidar proyectos estrat\u00e9gicos y generar m\u00e1s oportunidades para la juventud tamaulipeca.<\/p>\n\n\n\n<p>En el \u2018D\u00eda de la Investigaci\u00f3n UAT 2025\u2019 participaron unidades acad\u00e9micas y facultades de la zona centro y norte del estado mediante 26 m\u00f3dulos de exhibici\u00f3n, lo que represent\u00f3 un escaparte para la divulgaci\u00f3n de la ciencia en proyectos sobre tem\u00e1ticas sociales, de salud, ambientales, tecnol\u00f3gicas y de innovaci\u00f3n educativa, entre otros.<\/p>\n\n\n\n<p>En la sede Victoria, las y los investigadores universitarios compartieron con entusiasmo sus hallazgos y procesos de investigaci\u00f3n con estudiantes de educaci\u00f3n media superior de distintas instituciones, quienes tuvieron la oportunidad de recorrer los m\u00f3dulos, interactuar directamente con los equipos de trabajo y conocer de primera mano c\u00f3mo la ciencia responde a los retos de la sociedad.<\/p>\n\n\n\n<p>La edici\u00f3n 2025 contempla tambi\u00e9n una segunda sede en Tampico, a celebrarse el pr\u00f3ximo 30 de septiembre, donde se instalar\u00e1n 20 estands de investigaci\u00f3n con la participaci\u00f3n de acad\u00e9micos de la zona sur de la UAT.<\/p>\n\n\n\n<p>M\u00e1s all\u00e1 de la exposici\u00f3n de proyectos, este evento constituye un espacio de interacci\u00f3n formativa, que inspira a las nuevas generaciones a sumarse al quehacer cient\u00edfico, fortaleciendo as\u00ed la misi\u00f3n de la UAT de vincular la educaci\u00f3n superior con las necesidades sociales y productivas de la entidad.<\/p>\n","protected":false},"excerpt":{"rendered":"<p>CIUDAD VICTORIA, TAMPS. El gobernador del Estado, Am\u00e9rico Villarreal Anaya, y el rector de la&#8230;<\/p>\n","protected":false},"author":1,"featured_media":1326,"comment_status":"open","ping_status":"closed","sticky":false,"template":"","format":"standard","meta":{"footnotes":""},"categories":[5],"tags":[],"class_list":["post-1325","post","type-post","status-publish","format-standard","has-post-thumbnail","hentry","category-tamaulipas"],"_links":{"self":[{"href":"https:\/\/agridulcenoticias.com\/index.php\/wp-json\/wp\/v2\/posts\/1325","targetHints":{"allow":["GET"]}}],"collection":[{"href":"https:\/\/agridulcenoticias.com\/index.php\/wp-json\/wp\/v2\/posts"}],"about":[{"href":"https:\/\/agridulcenoticias.com\/index.php\/wp-json\/wp\/v2\/types\/post"}],"author":[{"embeddable":true,"href":"https:\/\/agridulcenoticias.com\/index.php\/wp-json\/wp\/v2\/users\/1"}],"replies":[{"embeddable":true,"href":"https:\/\/agridulcenoticias.com\/index.php\/wp-json\/wp\/v2\/comments?post=1325"}],"version-history":[{"count":0,"href":"https:\/\/agridulcenoticias.com\/index.php\/wp-json\/wp\/v2\/posts\/1325\/revisions"}],"wp:featuredmedia":[{"embeddable":true,"href":"https:\/\/agridulcenoticias.com\/index.php\/wp-json\/wp\/v2\/media\/1326"}],"wp:attachment":[{"href":"https:\/\/agridulcenoticias.com\/index.php\/wp-json\/wp\/v2\/media?parent=1325"}],"wp:term":[{"taxonomy":"category","embeddable":true,"href":"https:\/\/agridulcenoticias.com\/index.php\/wp-json\/wp\/v2\/categories?post=1325"},{"taxonomy":"post_tag","embeddable":true,"href":"https:\/\/agridulcenoticias.com\/index.php\/wp-json\/wp\/v2\/tags?post=1325"}],"curies":[{"name":"wp","href":"https:\/\/api.w.org\/{rel}","templated":true}]}}