{"id":1346,"date":"2025-09-25T11:25:01","date_gmt":"2025-09-25T17:25:01","guid":{"rendered":"https:\/\/radioomax.com\/?p=1346"},"modified":"2025-09-25T11:25:01","modified_gmt":"2025-09-25T17:25:01","slug":"denuncian-abandono-de-osa-parda-en-zoologico-la-pastora-exigen-intervencion-de-profepa","status":"publish","type":"post","link":"https:\/\/agridulcenoticias.com\/index.php\/2025\/09\/25\/denuncian-abandono-de-osa-parda-en-zoologico-la-pastora-exigen-intervencion-de-profepa\/","title":{"rendered":"Denuncian abandono de osa parda en zool\u00f3gico La Pastora; exigen intervenci\u00f3n de Profepa"},"content":{"rendered":"\n<p><a><\/a>La osa parda de dos a\u00f1os, alojada en el zool\u00f3gico La Pastora, presenta debilidad, sarna y desnutrici\u00f3n desde su llegada al recinto<\/p>\n\n\n\n<p>septiembre 26, 2025<\/p>\n\n\n\n<p>Activistas y usuarios en redes sociales denunciaron el presunto abandono de una osa parda de dos a\u00f1os en el zool\u00f3gico La Pastora, en Nuevo Le\u00f3n, luego de difundirse im\u00e1genes en redes sociales que muestran al animal en condiciones cr\u00edticas: visiblemente debilitado, con signos de sarna avanzada y desnutrici\u00f3n.<\/p>\n\n\n\n<p>De acuerdo con los denunciantes, la osezna lleg\u00f3 al recinto hace dos a\u00f1os con problemas de salud, pero aseguran que no ha recibido la atenci\u00f3n veterinaria adecuada desde entonces.<\/p>\n\n\n\n<p>Leer tambi\u00e9n: Debate fiscal sobre bebidas con edulcorantes pondr\u00eda en juego pol\u00edticas contra obesidad<\/p>\n\n\n\n<p>En los videos compartidos se observa que la infecci\u00f3n en la piel le impide mantenerse en pie, situaci\u00f3n que ha generado indignaci\u00f3n entre organizaciones defensoras de los animales.<\/p>\n\n\n\n<p>Piden a Profepa investigar<\/p>\n\n\n\n<p>Organizaciones exigieron la intervenci\u00f3n de la Procuradur\u00eda Federal de Protecci\u00f3n al Ambiente (Profepa) para evaluar el estado del ejemplar y deslindar responsabilidades. Tambi\u00e9n solicitaron transparentar el protocolo de atenci\u00f3n veterinaria del zool\u00f3gico La Pastora y garantizar el bienestar de todos los animales bajo su resguardo.<\/p>\n\n\n\n<p>Osos en libertad<\/p>\n\n\n\n<p>En M\u00e9xico, la especie nativa es el oso negro (Ursus americanus), que habita principalmente en zonas monta\u00f1osas del norte, como Nuevo Le\u00f3n, Coahuila, Chihuahua y Durango. En la Sierra Madre Oriental, especialmente en municipios como Santiago, Galeana y Rayones, se les considera clave para el equilibrio ecol\u00f3gico.<\/p>\n\n\n\n<p>La permanencia de osos en cautiverio, como el caso de La Pastora, exige condiciones espec\u00edficas de espacio, alimentaci\u00f3n y atenci\u00f3n m\u00e9dica que simulen su entorno natural. De lo contrario, enfrentan enfermedades, estr\u00e9s y deterioro f\u00edsico, justo lo que evidencian las im\u00e1genes de la osezna abandonada.<\/p>\n","protected":false},"excerpt":{"rendered":"<p>La osa parda de dos a\u00f1os, alojada en el zool\u00f3gico La Pastora, presenta debilidad, sarna&#8230;<\/p>\n","protected":false},"author":1,"featured_media":1347,"comment_status":"open","ping_status":"closed","sticky":false,"template":"","format":"standard","meta":{"footnotes":""},"categories":[14],"tags":[],"class_list":["post-1346","post","type-post","status-publish","format-standard","has-post-thumbnail","hentry","category-nacional"],"_links":{"self":[{"href":"https:\/\/agridulcenoticias.com\/index.php\/wp-json\/wp\/v2\/posts\/1346","targetHints":{"allow":["GET"]}}],"collection":[{"href":"https:\/\/agridulcenoticias.com\/index.php\/wp-json\/wp\/v2\/posts"}],"about":[{"href":"https:\/\/agridulcenoticias.com\/index.php\/wp-json\/wp\/v2\/types\/post"}],"author":[{"embeddable":true,"href":"https:\/\/agridulcenoticias.com\/index.php\/wp-json\/wp\/v2\/users\/1"}],"replies":[{"embeddable":true,"href":"https:\/\/agridulcenoticias.com\/index.php\/wp-json\/wp\/v2\/comments?post=1346"}],"version-history":[{"count":0,"href":"https:\/\/agridulcenoticias.com\/index.php\/wp-json\/wp\/v2\/posts\/1346\/revisions"}],"wp:featuredmedia":[{"embeddable":true,"href":"https:\/\/agridulcenoticias.com\/index.php\/wp-json\/wp\/v2\/media\/1347"}],"wp:attachment":[{"href":"https:\/\/agridulcenoticias.com\/index.php\/wp-json\/wp\/v2\/media?parent=1346"}],"wp:term":[{"taxonomy":"category","embeddable":true,"href":"https:\/\/agridulcenoticias.com\/index.php\/wp-json\/wp\/v2\/categories?post=1346"},{"taxonomy":"post_tag","embeddable":true,"href":"https:\/\/agridulcenoticias.com\/index.php\/wp-json\/wp\/v2\/tags?post=1346"}],"curies":[{"name":"wp","href":"https:\/\/api.w.org\/{rel}","templated":true}]}}