{"id":1370,"date":"2025-09-26T10:49:06","date_gmt":"2025-09-26T16:49:06","guid":{"rendered":"https:\/\/radioomax.com\/?p=1370"},"modified":"2025-09-26T10:49:06","modified_gmt":"2025-09-26T16:49:06","slug":"refuerza-gobierno-del-estado-coordinacion-con-municipios-del-sur-para-fortalecer-la-seguridad-publica","status":"publish","type":"post","link":"https:\/\/agridulcenoticias.com\/index.php\/2025\/09\/26\/refuerza-gobierno-del-estado-coordinacion-con-municipios-del-sur-para-fortalecer-la-seguridad-publica\/","title":{"rendered":"Refuerza Gobierno del Estado coordinaci\u00f3n con municipios del sur para fortalecer la seguridad p\u00fablica"},"content":{"rendered":"\n<p>Septiembre 26 de 2025<\/p>\n\n\n\n<p>Tampico, Tamaulipas.- Como parte de la agenda de fortalecimiento de la pol\u00edtica de seguridad p\u00fablica y la coordinaci\u00f3n con los municipios, el secretario ejecutivo del Sistema Estatal de Seguridad P\u00fablica, Willy Z\u00fa\u00f1iga Castillo, realiz\u00f3 una gira de trabajo en la zona sur del estado.<\/p>\n\n\n\n<p>Durante su visita, sostuvo una reuni\u00f3n en la Presidencia Municipal de Tampico con los alcaldes de Altamira, Armando Mart\u00ednez Manr\u00edquez; Ciudad Madero, Erasmo Gonz\u00e1lez Robledo; y Tampico, M\u00f3nica Zacil Villarreal Anaya. En el encuentro se abordaron diversos temas prioritarios para la regi\u00f3n, destacando el uso estrat\u00e9gico del Fondo de Aportaciones para el Fortalecimiento de los Municipios (FORTAMUN).<\/p>\n\n\n\n<p>Z\u00fa\u00f1iga Castillo hizo el llamado a destinar al menos el 20% de dicho recurso a acciones de seguridad p\u00fablica, contemplando el fortalecimiento de \u00e1reas como Protecci\u00f3n Civil y Bomberos, as\u00ed como proyectos enfocados en la prevenci\u00f3n de violencias, la polic\u00eda de proximidad, la justicia c\u00edvica y programas que ampl\u00eden la cobertura y efectividad de la seguridad en los municipios.<\/p>\n\n\n\n<p>Como parte de su gira, el secretario ejecutivo tambi\u00e9n realiz\u00f3 una visita de supervisi\u00f3n a los subcentros del C5i en los municipios de El Mante y Tampico, donde sostuvo reuniones con el personal operativo y administrativo. El objetivo fue revisar protocolos, supervisar el funcionamiento de los centros y atender directamente las necesidades identificadas en cada sede.<\/p>\n\n\n\n<p>En Tampico, constat\u00f3 avances en las obras de remodelaci\u00f3n que permitir\u00e1n optimizar los espacios destinados a videovigilancia, despacho y atenci\u00f3n de emergencias. Por su parte, en El Mante verific\u00f3 las acciones de mantenimiento correctivo y preventivo recientemente realizadas para asegurar la operatividad y eficiencia de las instalaciones.<\/p>\n\n\n\n<p>Por \u00faltimo refiri\u00f3 que que con estas acciones, el Gobierno del Estado refrenda su compromiso de trabajar de manera cercana con los municipios y fortalecer las capacidades institucionales en materia de seguridad p\u00fablica, en beneficio de las y los tamaulipeco<\/p>\n","protected":false},"excerpt":{"rendered":"<p>Septiembre 26 de 2025 Tampico, Tamaulipas.- Como parte de la agenda de fortalecimiento de la&#8230;<\/p>\n","protected":false},"author":1,"featured_media":1371,"comment_status":"open","ping_status":"closed","sticky":false,"template":"","format":"standard","meta":{"footnotes":""},"categories":[5],"tags":[],"class_list":["post-1370","post","type-post","status-publish","format-standard","has-post-thumbnail","hentry","category-tamaulipas"],"_links":{"self":[{"href":"https:\/\/agridulcenoticias.com\/index.php\/wp-json\/wp\/v2\/posts\/1370","targetHints":{"allow":["GET"]}}],"collection":[{"href":"https:\/\/agridulcenoticias.com\/index.php\/wp-json\/wp\/v2\/posts"}],"about":[{"href":"https:\/\/agridulcenoticias.com\/index.php\/wp-json\/wp\/v2\/types\/post"}],"author":[{"embeddable":true,"href":"https:\/\/agridulcenoticias.com\/index.php\/wp-json\/wp\/v2\/users\/1"}],"replies":[{"embeddable":true,"href":"https:\/\/agridulcenoticias.com\/index.php\/wp-json\/wp\/v2\/comments?post=1370"}],"version-history":[{"count":0,"href":"https:\/\/agridulcenoticias.com\/index.php\/wp-json\/wp\/v2\/posts\/1370\/revisions"}],"wp:featuredmedia":[{"embeddable":true,"href":"https:\/\/agridulcenoticias.com\/index.php\/wp-json\/wp\/v2\/media\/1371"}],"wp:attachment":[{"href":"https:\/\/agridulcenoticias.com\/index.php\/wp-json\/wp\/v2\/media?parent=1370"}],"wp:term":[{"taxonomy":"category","embeddable":true,"href":"https:\/\/agridulcenoticias.com\/index.php\/wp-json\/wp\/v2\/categories?post=1370"},{"taxonomy":"post_tag","embeddable":true,"href":"https:\/\/agridulcenoticias.com\/index.php\/wp-json\/wp\/v2\/tags?post=1370"}],"curies":[{"name":"wp","href":"https:\/\/api.w.org\/{rel}","templated":true}]}}