{"id":1373,"date":"2025-09-26T10:50:16","date_gmt":"2025-09-26T16:50:16","guid":{"rendered":"https:\/\/radioomax.com\/?p=1373"},"modified":"2025-09-26T10:50:16","modified_gmt":"2025-09-26T16:50:16","slug":"cumple-gobernador-con-despicadoras","status":"publish","type":"post","link":"https:\/\/agridulcenoticias.com\/index.php\/2025\/09\/26\/cumple-gobernador-con-despicadoras\/","title":{"rendered":"Cumple gobernador con despicadoras"},"content":{"rendered":"\n<p>Entrega Secretar\u00eda de Bienestar 2 mil despensas prometidas por el gobernador Am\u00e9rico Villarreal Anaya<\/p>\n\n\n\n<p>Septiembre 26 de 2025<\/p>\n\n\n\n<p>Tampico, Tamaulipas.- Con la entrega de m\u00e1s de 2 mil paquetes alimentarios para las despicadoras de camar\u00f3n de la zona sur durante el per\u00edodo de veda, se cumple el compromiso del gobernador Am\u00e9rico Villarreal Anaya, de otorgar este y otros apoyos para respaldar a las familias de este sector productivo.<\/p>\n\n\n\n<p>En un evento que se llev\u00f3 a cabo en el Centro de Bienestar y Paz del sector Mosc\u00fa en Tampico, la secretaria de Bienestar Social Silvia Casas Gonz\u00e1lez, junto a la presidenta municipal de este puerto, M\u00f3nica Villarreal Anaya, dio cumplimiento a esta demanda presentada recientemente por las despicadoras ante el gobernador Am\u00e9rico Villarreal Anaya.<\/p>\n\n\n\n<p>Casas Gonz\u00e1lez agreg\u00f3 que a este apoyo, se van a sumar otros beneficios provenientes de los programas sociales con que cuenta la dependencia para atender a la poblaci\u00f3n vulnerable con el objetivo de contribuir al mejoramiento de la calidad de vida de todas y todos los tamaulipecos.<\/p>\n\n\n\n<p>\u201cLa indicaci\u00f3n permanente del gobernador Am\u00e9rico Villarreal Anaya, es de que atendamos con estos programas para propiciar el bienestar, privilegiando la atenci\u00f3n a los sectores de la poblaci\u00f3n m\u00e1s vulnerables\u201d, dijo.<\/p>\n\n\n\n<p>Calific\u00f3 de muy valioso el trabajo que realizan las despicadoras de camar\u00f3n y jaiba del sur del estado, por el impacto que tiene en el importante sector pesquero tamaulipeco que distribuye su producci\u00f3n a todo el pa\u00eds.<\/p>\n\n\n\n<p>En este sentido, reiter\u00f3 la instrucci\u00f3n que se ha recibido de atender a las familias que dependen de la actividad pesquera, especialmente durante las temporadas de veda, en que por disposici\u00f3n oficial en materia de conservaci\u00f3n, la pesca se detiene.<\/p>\n","protected":false},"excerpt":{"rendered":"<p>Entrega Secretar\u00eda de Bienestar 2 mil despensas prometidas por el gobernador Am\u00e9rico Villarreal Anaya Septiembre&#8230;<\/p>\n","protected":false},"author":1,"featured_media":1374,"comment_status":"open","ping_status":"closed","sticky":false,"template":"","format":"standard","meta":{"footnotes":""},"categories":[5],"tags":[],"class_list":["post-1373","post","type-post","status-publish","format-standard","has-post-thumbnail","hentry","category-tamaulipas"],"_links":{"self":[{"href":"https:\/\/agridulcenoticias.com\/index.php\/wp-json\/wp\/v2\/posts\/1373","targetHints":{"allow":["GET"]}}],"collection":[{"href":"https:\/\/agridulcenoticias.com\/index.php\/wp-json\/wp\/v2\/posts"}],"about":[{"href":"https:\/\/agridulcenoticias.com\/index.php\/wp-json\/wp\/v2\/types\/post"}],"author":[{"embeddable":true,"href":"https:\/\/agridulcenoticias.com\/index.php\/wp-json\/wp\/v2\/users\/1"}],"replies":[{"embeddable":true,"href":"https:\/\/agridulcenoticias.com\/index.php\/wp-json\/wp\/v2\/comments?post=1373"}],"version-history":[{"count":0,"href":"https:\/\/agridulcenoticias.com\/index.php\/wp-json\/wp\/v2\/posts\/1373\/revisions"}],"wp:featuredmedia":[{"embeddable":true,"href":"https:\/\/agridulcenoticias.com\/index.php\/wp-json\/wp\/v2\/media\/1374"}],"wp:attachment":[{"href":"https:\/\/agridulcenoticias.com\/index.php\/wp-json\/wp\/v2\/media?parent=1373"}],"wp:term":[{"taxonomy":"category","embeddable":true,"href":"https:\/\/agridulcenoticias.com\/index.php\/wp-json\/wp\/v2\/categories?post=1373"},{"taxonomy":"post_tag","embeddable":true,"href":"https:\/\/agridulcenoticias.com\/index.php\/wp-json\/wp\/v2\/tags?post=1373"}],"curies":[{"name":"wp","href":"https:\/\/api.w.org\/{rel}","templated":true}]}}