{"id":1376,"date":"2025-09-26T10:53:57","date_gmt":"2025-09-26T16:53:57","guid":{"rendered":"https:\/\/radioomax.com\/?p=1376"},"modified":"2025-09-26T10:53:57","modified_gmt":"2025-09-26T16:53:57","slug":"hallan-muerto-a-estudiante-de-la-uagro-reportado-como-desaparecido","status":"publish","type":"post","link":"https:\/\/agridulcenoticias.com\/index.php\/2025\/09\/26\/hallan-muerto-a-estudiante-de-la-uagro-reportado-como-desaparecido\/","title":{"rendered":"Hallan muerto a estudiante de la UAGro reportado como desaparecido"},"content":{"rendered":"\n<p>Omar Kalid, estudiante de la Prepa 17 de la UAGro, fue hallado muerto al interior de un hotel tras ser reportado como desaparecido<\/p>\n\n\n\n<p>septiembre 26, 2025<\/p>\n\n\n\n<p>Un estudiante de la Prepa 17 de la Universidad Aut\u00f3noma de Guerrero (UAGro) fue localizado muerto tras ser reportado como desaparecido.<\/p>\n\n\n\n<p>Omar Kalid S\u00e1nchez Salto, de 17 a\u00f1os, fue visto por \u00faltima vez el 24 de septiembre en Acapulco.<\/p>\n\n\n\n<p>Hallan muerto a estudiante de la UAGro reportado como desaparecido &#8211; ficha-de-busqueda-de-estudiante-de-la-uagro<\/p>\n\n\n\n<p>Al d\u00eda siguiente se inform\u00f3 su muerte.<\/p>\n\n\n\n<p>Empleados de un hotel ubicado en la colonia Icacos reportaron que uno de sus hu\u00e9spedes se encontraba inconsciente.<\/p>\n\n\n\n<p>Servicios de emergencia solo pudieron certificar que el hombre ya no contaba con signos vitales.<\/p>\n\n\n\n<p>La v\u00edctima fue identificada como el estudiante Omar Kalid S\u00e1nchez.<\/p>\n\n\n\n<p>Primeros informes se\u00f1alan que fue v\u00edctima de golpes y asfixia.<\/p>\n","protected":false},"excerpt":{"rendered":"<p>Omar Kalid, estudiante de la Prepa 17 de la UAGro, fue hallado muerto al interior&#8230;<\/p>\n","protected":false},"author":1,"featured_media":1377,"comment_status":"open","ping_status":"closed","sticky":false,"template":"","format":"standard","meta":{"footnotes":""},"categories":[14],"tags":[],"class_list":["post-1376","post","type-post","status-publish","format-standard","has-post-thumbnail","hentry","category-nacional"],"_links":{"self":[{"href":"https:\/\/agridulcenoticias.com\/index.php\/wp-json\/wp\/v2\/posts\/1376","targetHints":{"allow":["GET"]}}],"collection":[{"href":"https:\/\/agridulcenoticias.com\/index.php\/wp-json\/wp\/v2\/posts"}],"about":[{"href":"https:\/\/agridulcenoticias.com\/index.php\/wp-json\/wp\/v2\/types\/post"}],"author":[{"embeddable":true,"href":"https:\/\/agridulcenoticias.com\/index.php\/wp-json\/wp\/v2\/users\/1"}],"replies":[{"embeddable":true,"href":"https:\/\/agridulcenoticias.com\/index.php\/wp-json\/wp\/v2\/comments?post=1376"}],"version-history":[{"count":0,"href":"https:\/\/agridulcenoticias.com\/index.php\/wp-json\/wp\/v2\/posts\/1376\/revisions"}],"wp:featuredmedia":[{"embeddable":true,"href":"https:\/\/agridulcenoticias.com\/index.php\/wp-json\/wp\/v2\/media\/1377"}],"wp:attachment":[{"href":"https:\/\/agridulcenoticias.com\/index.php\/wp-json\/wp\/v2\/media?parent=1376"}],"wp:term":[{"taxonomy":"category","embeddable":true,"href":"https:\/\/agridulcenoticias.com\/index.php\/wp-json\/wp\/v2\/categories?post=1376"},{"taxonomy":"post_tag","embeddable":true,"href":"https:\/\/agridulcenoticias.com\/index.php\/wp-json\/wp\/v2\/tags?post=1376"}],"curies":[{"name":"wp","href":"https:\/\/api.w.org\/{rel}","templated":true}]}}