{"id":1379,"date":"2025-09-26T10:59:45","date_gmt":"2025-09-26T16:59:45","guid":{"rendered":"https:\/\/radioomax.com\/?p=1379"},"modified":"2025-09-26T10:59:45","modified_gmt":"2025-09-26T16:59:45","slug":"trump-pide-el-despido-de-lisa-monaco-alta-ejecutiva-de-microsoft-que-trabajo-para-biden-y-obama","status":"publish","type":"post","link":"https:\/\/agridulcenoticias.com\/index.php\/2025\/09\/26\/trump-pide-el-despido-de-lisa-monaco-alta-ejecutiva-de-microsoft-que-trabajo-para-biden-y-obama\/","title":{"rendered":"Trump pide el despido de Lisa Monaco, alta ejecutiva de Microsoft que trabaj\u00f3 para Biden y Obama"},"content":{"rendered":"\n<p>Donald Trump pidi\u00f3 este viernes el despido de Lisa Monaco, directora de Asuntos Globales de Microsoft y exfuncionaria de Biden y Obama<\/p>\n\n\n\n<p>septiembre 26, 2025<\/p>\n\n\n\n<p>El presidente estadounidense, Donald Trump, pidi\u00f3 este viernes el despido de la directora de Asuntos Globales de Microsoft, Lisa Monaco, que trabaj\u00f3 para los Gobiernos de los expresidentes Joe Biden y Barack Obama.<\/p>\n\n\n\n<p>Monaco, que fue nombrada para ocupar este cargo en la tecnol\u00f3gica el pasado julio, fue asesora de seguridad nacional bajo el mandato de Obama y fiscal general adjunta durante la Administraci\u00f3n de Biden.<\/p>\n\n\n\n<p>Trump asegur\u00f3 en su red Truth Social que ambos exmandatarios son \u201cart\u00edfices de las peores conspiraciones contra nuestro pa\u00eds\u201d, como las investigaciones por el asalto al Capitolio o por los presuntos v\u00ednculos con Rusia de la campa\u00f1a electoral de Trump de 2016.<\/p>\n\n\n\n<p>El republicano consider\u00f3 \u201cinaceptable\u201d que Monaco haya sido elegida para un cargo de alto nivel \u201ccon acceso a informaci\u00f3n altamente sensible\u201d.<\/p>\n\n\n\n<p>As\u00ed, la acus\u00f3 de ser una amenaza para la seguridad nacional de Estados Unidos, especialmente teniendo en cuenta los contratos que la tecnol\u00f3gica tiene con el Gobierno.<\/p>\n\n\n\n<p>De hecho, a principios de este mes Microsoft anunci\u00f3 que ofrecer\u00eda 3 mil 100 millones de d\u00f3lares en descuentos en sus servicios en la nube a las agencias federales.<\/p>\n\n\n\n<p>Trump se\u00f1al\u00f3 adem\u00e1s que el Gobierno de EE.UU. ha retirado a Monaco todas sus autorizaciones de seguridad, as\u00ed como su acceso a la inteligencia de seguridad nacional y a todas las propiedades federales.<\/p>\n\n\n\n<p>\u201cEn mi opini\u00f3n, Microsoft deber\u00eda rescindir inmediatamente el contrato de Monaco\u201d, concluy\u00f3 el mandatario.<\/p>\n\n\n\n<p>Lisa Monaco se suma as\u00ed a una lista de figuras p\u00fablicas para las que Trump ha pedido el despido.<\/p>\n\n\n\n<p>De hecho, justo ayer el exdirector del Bur\u00f3 Federal de Investigaciones (FBI) James B. Comey, que investig\u00f3 la campa\u00f1a de 2016 de Donald Trump por sus presuntos v\u00ednculos con Rusia, fue imputado por un gran jurado federal, tras la presi\u00f3n que ejerci\u00f3 Trump sobre la fiscal general Pam Bondi para investigar a rivales pol\u00edticos.<\/p>\n\n\n\n<p>El gran jurado de Virginia acus\u00f3 a Comey de un delito de declaraci\u00f3n falsa y un delito de obstrucci\u00f3n, seg\u00fan medios estadounidenses.<\/p>\n\n\n\n<p>Comey se convirti\u00f3 as\u00ed en el primer exalto funcionario del Gobierno procesado en relaci\u00f3n con la investigaci\u00f3n sobre la interferencia rusa en los comicios estadounidenses, que Trump ha calificado como \u201cuna cacer\u00eda de brujas\u201d.<\/p>\n","protected":false},"excerpt":{"rendered":"<p>Donald Trump pidi\u00f3 este viernes el despido de Lisa Monaco, directora de Asuntos Globales de&#8230;<\/p>\n","protected":false},"author":1,"featured_media":1380,"comment_status":"open","ping_status":"closed","sticky":false,"template":"","format":"standard","meta":{"footnotes":""},"categories":[15],"tags":[],"class_list":["post-1379","post","type-post","status-publish","format-standard","has-post-thumbnail","hentry","category-internacional"],"_links":{"self":[{"href":"https:\/\/agridulcenoticias.com\/index.php\/wp-json\/wp\/v2\/posts\/1379","targetHints":{"allow":["GET"]}}],"collection":[{"href":"https:\/\/agridulcenoticias.com\/index.php\/wp-json\/wp\/v2\/posts"}],"about":[{"href":"https:\/\/agridulcenoticias.com\/index.php\/wp-json\/wp\/v2\/types\/post"}],"author":[{"embeddable":true,"href":"https:\/\/agridulcenoticias.com\/index.php\/wp-json\/wp\/v2\/users\/1"}],"replies":[{"embeddable":true,"href":"https:\/\/agridulcenoticias.com\/index.php\/wp-json\/wp\/v2\/comments?post=1379"}],"version-history":[{"count":0,"href":"https:\/\/agridulcenoticias.com\/index.php\/wp-json\/wp\/v2\/posts\/1379\/revisions"}],"wp:featuredmedia":[{"embeddable":true,"href":"https:\/\/agridulcenoticias.com\/index.php\/wp-json\/wp\/v2\/media\/1380"}],"wp:attachment":[{"href":"https:\/\/agridulcenoticias.com\/index.php\/wp-json\/wp\/v2\/media?parent=1379"}],"wp:term":[{"taxonomy":"category","embeddable":true,"href":"https:\/\/agridulcenoticias.com\/index.php\/wp-json\/wp\/v2\/categories?post=1379"},{"taxonomy":"post_tag","embeddable":true,"href":"https:\/\/agridulcenoticias.com\/index.php\/wp-json\/wp\/v2\/tags?post=1379"}],"curies":[{"name":"wp","href":"https:\/\/api.w.org\/{rel}","templated":true}]}}