{"id":1398,"date":"2025-09-27T13:43:00","date_gmt":"2025-09-27T19:43:00","guid":{"rendered":"https:\/\/radioomax.com\/?p=1398"},"modified":"2025-09-27T13:43:00","modified_gmt":"2025-09-27T19:43:00","slug":"monica-villarreal-entrega-apoyos-alimentarios-a-trabajadoras-despicadoras","status":"publish","type":"post","link":"https:\/\/agridulcenoticias.com\/index.php\/2025\/09\/27\/monica-villarreal-entrega-apoyos-alimentarios-a-trabajadoras-despicadoras\/","title":{"rendered":"M\u00f3nica Villarreal entrega apoyos alimentarios a trabajadoras despicadoras"},"content":{"rendered":"\n<p>Tampico, Tamaulipas.- Cumpliendo el compromiso de respaldar el bienestar de las trabajadoras dedicadas al despique de camar\u00f3n y otros productos pesqueros, la alcaldesa M\u00f3nica Villarreal Anaya, encabez\u00f3 la entrega de apoyos alimentarios en coordinaci\u00f3n con el Gobierno del Estado.<\/p>\n\n\n\n<p>Durante la entrega efectuada en las colonias Morelos y Vicente Guerrero, la alcaldesa, acompa\u00f1ada de la Secretaria de Bienestar Social en la entidad, Silvia Casas Gonz\u00e1lez, destac\u00f3 la visi\u00f3n humanista y la palabra del ejecutivo estatal, que en su reciente visita, asumi\u00f3 el compromiso de apoyar a las y los trabajadores de la industria pesquera.<\/p>\n\n\n\n<p>\u201cHace unos d\u00edas, el Gobernador del Estado, Dr. Am\u00e9rico Villarreal se reuni\u00f3 con m\u00e1s de 100 despicadoras, donde se comprometi\u00f3 en brindarles este apoyo, y hoy, estamos aqu\u00ed junto a la secretaria de Bienestar Social, haciendo la entrega de estas despensas para que nadie se quede sin este apoyo durante el periodo de veda\u201d.<\/p>\n\n\n\n<p>M\u00f3nica Villarreal explic\u00f3 que los paquetes consisten en una despensa con los productos de la canasta b\u00e1sica, y subray\u00f3 que en total se distribuyeron 2 mil 500 paquetes para el mismo n\u00famero de despicadoras.<\/p>\n\n\n\n<p>Por su parte, Casas Gonz\u00e1lez, destac\u00f3 que las despensas, corresponden a un apoyo extraordinario a las 23 mil despensas bimestrales que brinda SEBIEN en el marco del Programa Alimentando \u201cTu Bienestar\u201d; adem\u00e1s inform\u00f3 que para el 2026, se tendr\u00e1 un aumento en el padr\u00f3n de dicho programa, para que m\u00e1s familias puedan acceder a este apoyo alimentario.<\/p>\n\n\n\n<p>Finalmente, los beneficiarios, agradecieron al mandatario estatal, por cumplir su palabra, y brindarles el apoyo con la despensa, la cual, dijeron, es de gran ayuda durante los d\u00edas que, debido a la veda, disminuye su actividad e ingreso.<\/p>\n\n\n\n<p>A la entrega de las despensas, asisti\u00f3 tambi\u00e9n, Fernando Gonz\u00e1lez Soto, Director de Centros de Bienestar y Parques de la SEBIEN; y Magdalena Peraza Guerra, Directora regional de la SEBIEN en Tampico, as\u00ed como s\u00edndicos, regidores, y dem\u00e1s funcionarios del gobierno local.<\/p>\n","protected":false},"excerpt":{"rendered":"<p>Tampico, Tamaulipas.- Cumpliendo el compromiso de respaldar el bienestar de las trabajadoras dedicadas al despique&#8230;<\/p>\n","protected":false},"author":1,"featured_media":1399,"comment_status":"open","ping_status":"closed","sticky":false,"template":"","format":"standard","meta":{"footnotes":""},"categories":[5,2],"tags":[],"class_list":["post-1398","post","type-post","status-publish","format-standard","has-post-thumbnail","hentry","category-tamaulipas","category-tampico"],"_links":{"self":[{"href":"https:\/\/agridulcenoticias.com\/index.php\/wp-json\/wp\/v2\/posts\/1398","targetHints":{"allow":["GET"]}}],"collection":[{"href":"https:\/\/agridulcenoticias.com\/index.php\/wp-json\/wp\/v2\/posts"}],"about":[{"href":"https:\/\/agridulcenoticias.com\/index.php\/wp-json\/wp\/v2\/types\/post"}],"author":[{"embeddable":true,"href":"https:\/\/agridulcenoticias.com\/index.php\/wp-json\/wp\/v2\/users\/1"}],"replies":[{"embeddable":true,"href":"https:\/\/agridulcenoticias.com\/index.php\/wp-json\/wp\/v2\/comments?post=1398"}],"version-history":[{"count":0,"href":"https:\/\/agridulcenoticias.com\/index.php\/wp-json\/wp\/v2\/posts\/1398\/revisions"}],"wp:featuredmedia":[{"embeddable":true,"href":"https:\/\/agridulcenoticias.com\/index.php\/wp-json\/wp\/v2\/media\/1399"}],"wp:attachment":[{"href":"https:\/\/agridulcenoticias.com\/index.php\/wp-json\/wp\/v2\/media?parent=1398"}],"wp:term":[{"taxonomy":"category","embeddable":true,"href":"https:\/\/agridulcenoticias.com\/index.php\/wp-json\/wp\/v2\/categories?post=1398"},{"taxonomy":"post_tag","embeddable":true,"href":"https:\/\/agridulcenoticias.com\/index.php\/wp-json\/wp\/v2\/tags?post=1398"}],"curies":[{"name":"wp","href":"https:\/\/api.w.org\/{rel}","templated":true}]}}