{"id":1442,"date":"2025-09-28T14:27:45","date_gmt":"2025-09-28T14:27:45","guid":{"rendered":"https:\/\/agridulcenoticias.com\/?p=1442"},"modified":"2025-09-30T14:29:59","modified_gmt":"2025-09-30T14:29:59","slug":"abre-la-uat-convocatoria-para-estudiar-la-prepa-en-linea","status":"publish","type":"post","link":"https:\/\/agridulcenoticias.com\/index.php\/2025\/09\/28\/abre-la-uat-convocatoria-para-estudiar-la-prepa-en-linea\/","title":{"rendered":"Abre la UAT convocatoria para estudiar la prepa en l\u00ednea"},"content":{"rendered":"\n<p><a><\/a>septiembre 28, 2025<\/p>\n\n\n\n<p>CIUDAD VICTORIA, TAMPS. La Universidad Aut\u00f3noma de Tamaulipas (UAT) abri\u00f3 la convocatoria para ingresar al \u2018Programa de Bachillerato Virtual\u2019, que dar\u00e1 la oportunidad de estudiar en un modelo flexible, innovador y transformador en el nivel medio superior.<\/p>\n\n\n\n<p>El rector de la UAT, D\u00e1maso Anaya Alvarado, dio a conocer la apertura de este programa reafirmando el compromiso de ampliar la cobertura de bachillerato en beneficio de los j\u00f3venes, y de brindar un acceso equitativo a quienes, por alguna raz\u00f3n, no han podido concluir sus estudios de preparatoria.<\/p>\n\n\n\n<p>Explic\u00f3 que, el nuevo modelo, aprobado recientemente por la Asamblea Universitaria, est\u00e1 dirigido a personas mayores de 18 a\u00f1os que no han concluido sus estudios de preparatoria y que buscan una alternativa accesible para avanzar en su preparaci\u00f3n acad\u00e9mica.<\/p>\n\n\n\n<p>Dijo que la preparatoria en l\u00ednea permitir\u00e1 que estudiantes de Tamaulipas, y de cualquier parte del pa\u00eds, se integren a este esquema formativo, dise\u00f1ado para responder a las necesidades actuales de la sociedad.<\/p>\n\n\n\n<p>El plan de estudios tiene una duraci\u00f3n de 2 a\u00f1os en modalidad cuatrimestral, mediante asignaturas en humanidades, ciencias exactas, sociales, naturales y de la salud, incorporando ejes de innovaci\u00f3n, sostenibilidad, cultura digital, \u00e9tica y derechos humanos, lo que consolida un modelo flexible e innovador que impulsa habilidades cr\u00edticas, creativas y tecnol\u00f3gicas.<\/p>\n\n\n\n<p>El proceso de registro permanecer\u00e1 abierto hasta el 19 de octubre de 2025 a trav\u00e9s del sitio oficial: <a href=\"https:\/\/l.facebook.com\/l.php?u=https%3A%2F%2Fbachilleratovirtual.uat.edu.mx%2F%3Ffbclid%3DIwZXh0bgNhZW0CMTAAYnJpZBExN0ZsU2lZTU93MVJaU1JsMwEeViFCmLySunFLsNZnHupKKaAeKY_uqYUWfVmUjH1G1xaMXj3siRs0AsGoGOs_aem_QlbTRIv79e3DFAPrG5Rswg&amp;h=AT2Cp244_l52q_FKwFfbtfgH0G0ysZimUKBTVTaz2jDT6X0PjH9PIsKoJHGg8F8UZN9i4dYCmcdtOovwO69fwU7jHuvAr5HzjNXjlmADR_dHjgcNrLZh3S2nOvmpe8flsFZGQxJw7W0bz26l&amp;__tn__=-UK-R&amp;c[0]=AT3UnD_AoGZAlhkSgGcGcksNVTyK2i6u3R9N1BIJkURDyDl3NzS6AELeUqCg2q-pMikNAWxHhuphZ0OJrjG9wFExHxgN5_UjvVhD9Ppnm0qyj1JfhQ8YtUSq1lyZlYQuXqr4ramBDuZ3DaUBHx6-yPnZkeEwbrOiyNuyGW8dnQ\" rel=\"noreferrer noopener\" target=\"_blank\">https:\/\/bachilleratovirtual.uat.edu.mx<\/a>, donde tambi\u00e9n puede ser consultada la convocatoria.<\/p>\n\n\n\n<p>Los aspirantes deber\u00e1n contar con certificado de secundaria, acta de nacimiento, CURP, RFC, identificaci\u00f3n oficial y una fotograf\u00eda digital. Es indispensable disponer de equipo de c\u00f3mputo o dispositivo m\u00f3vil con acceso a internet.<\/p>\n\n\n\n<p>El curso proped\u00e9utico de inducci\u00f3n ser\u00e1 del 20 de octubre al 14 de noviembre de 2025, en el cual recibir\u00e1n orientaci\u00f3n y capacitaci\u00f3n para familiarizarse con el entorno digital y con el modelo de educaci\u00f3n virtual. Las inscripciones se llevar\u00e1n a cabo del 17 de noviembre de 2025 al 16 de enero de 2026, y el primer semestre dar\u00e1 inicio en enero de 2026.<\/p>\n","protected":false},"excerpt":{"rendered":"<p>septiembre 28, 2025 CIUDAD VICTORIA, TAMPS. La Universidad Aut\u00f3noma de Tamaulipas (UAT) abri\u00f3 la convocatoria&#8230;<\/p>\n","protected":false},"author":1,"featured_media":1443,"comment_status":"open","ping_status":"closed","sticky":false,"template":"","format":"standard","meta":{"footnotes":""},"categories":[11],"tags":[],"class_list":["post-1442","post","type-post","status-publish","format-standard","has-post-thumbnail","hentry","category-uat"],"_links":{"self":[{"href":"https:\/\/agridulcenoticias.com\/index.php\/wp-json\/wp\/v2\/posts\/1442","targetHints":{"allow":["GET"]}}],"collection":[{"href":"https:\/\/agridulcenoticias.com\/index.php\/wp-json\/wp\/v2\/posts"}],"about":[{"href":"https:\/\/agridulcenoticias.com\/index.php\/wp-json\/wp\/v2\/types\/post"}],"author":[{"embeddable":true,"href":"https:\/\/agridulcenoticias.com\/index.php\/wp-json\/wp\/v2\/users\/1"}],"replies":[{"embeddable":true,"href":"https:\/\/agridulcenoticias.com\/index.php\/wp-json\/wp\/v2\/comments?post=1442"}],"version-history":[{"count":1,"href":"https:\/\/agridulcenoticias.com\/index.php\/wp-json\/wp\/v2\/posts\/1442\/revisions"}],"predecessor-version":[{"id":1444,"href":"https:\/\/agridulcenoticias.com\/index.php\/wp-json\/wp\/v2\/posts\/1442\/revisions\/1444"}],"wp:featuredmedia":[{"embeddable":true,"href":"https:\/\/agridulcenoticias.com\/index.php\/wp-json\/wp\/v2\/media\/1443"}],"wp:attachment":[{"href":"https:\/\/agridulcenoticias.com\/index.php\/wp-json\/wp\/v2\/media?parent=1442"}],"wp:term":[{"taxonomy":"category","embeddable":true,"href":"https:\/\/agridulcenoticias.com\/index.php\/wp-json\/wp\/v2\/categories?post=1442"},{"taxonomy":"post_tag","embeddable":true,"href":"https:\/\/agridulcenoticias.com\/index.php\/wp-json\/wp\/v2\/tags?post=1442"}],"curies":[{"name":"wp","href":"https:\/\/api.w.org\/{rel}","templated":true}]}}