{"id":1454,"date":"2025-09-29T14:40:43","date_gmt":"2025-09-29T14:40:43","guid":{"rendered":"https:\/\/agridulcenoticias.com\/?p=1454"},"modified":"2025-09-30T14:41:16","modified_gmt":"2025-09-30T14:41:16","slug":"continua-dif-tamaulipas-capacitando-y-concientizando-sobre-el-trastorno-del-espectro-autista","status":"publish","type":"post","link":"https:\/\/agridulcenoticias.com\/index.php\/2025\/09\/29\/continua-dif-tamaulipas-capacitando-y-concientizando-sobre-el-trastorno-del-espectro-autista\/","title":{"rendered":"Contin\u00faa DIF Tamaulipas capacitando y concientizando sobre el trastorno del espectro autista"},"content":{"rendered":"\n<p>-Personal de instituciones educativas, deportivas y culturales de Tamaulipas ha recibido capacitaci\u00f3n especializada en el tema<\/p>\n\n\n\n<p>Ciudad Victoria, Tamaulipas. A trav\u00e9s del Centro de Autismo Tamaulipas (CATAM), el Sistema para el Desarrollo Integral de la Familia de Tamaulipas, presidido por la doctora Mar\u00eda de Villarreal, impulsa acciones de sensibilizaci\u00f3n y formaci\u00f3n dirigidas a quienes trabajan en espacios educativos, deportivos y culturales, con el prop\u00f3sito de fortalecer la atenci\u00f3n temprana y adecuada a ni\u00f1as, ni\u00f1os y adolescentes con trastorno del espectro autista (TEA).<\/p>\n\n\n\n<p>En d\u00edas recientes, especialistas del CATAM impartieron el taller \u201cIntroducci\u00f3n al autismo y estrategias conductuales\u201d en la escuela secundaria general No. 2 \u201cProfr. Arqu\u00edmides Caballero\u201d, en Ciudad Victoria, donde 70 docentes recibieron herramientas para responder de manera asertiva ante situaciones de crisis en adolescentes con autismo. Asimismo, 20 maestros sombra de nivel preescolar, personal de USAER, psic\u00f3logos y docentes de escuelas regulares participaron en un curso-taller sobre estrategias de manejo en el aula.<\/p>\n\n\n\n<p>De igual forma, en el Parque Cultural Reynosa, 25 maestros de las Casas del Arte de Reynosa, Matamoros y Miguel Alem\u00e1n fueron capacitados en t\u00e9cnicas de inclusi\u00f3n y acompa\u00f1amiento, mientras que en el Barco Museo del Ni\u00f1o, en el sur de la entidad, se realiz\u00f3 el taller \u201cArte y autismo\u201d, que abord\u00f3 temas como El autismo en la historia, Mitos y realidades del autismo, Arte terapia en TEA y Estrategias de trabajo en el aula.<\/p>\n\n\n\n<p>En el \u00e1mbito deportivo, 15 maestros y 4 coordinadores del Instituto del Deporte de Tamaulipas participaron en la actividad \u201cEstrategias para la inclusi\u00f3n en el deporte\u201d, realizada en el sal\u00f3n de usos m\u00faltiples del CATAM, donde adquirieron conocimientos pr\u00e1cticos para actuar con empat\u00eda y eficacia durante la pr\u00e1ctica deportiva de ni\u00f1as y ni\u00f1os con autismo.<\/p>\n\n\n\n<p>De esta manera, los Mensajeros de Paz contin\u00faan impulsando una cultura de respeto, inclusi\u00f3n y entendimiento, brindando a maestras, maestros y formadores herramientas que faciliten la convivencia y promuevan espacios m\u00e1s accesibles en la educaci\u00f3n, el arte y el deporte para todas y todos.<\/p>\n","protected":false},"excerpt":{"rendered":"<p>-Personal de instituciones educativas, deportivas y culturales de Tamaulipas ha recibido capacitaci\u00f3n especializada en el&#8230;<\/p>\n","protected":false},"author":1,"featured_media":1455,"comment_status":"open","ping_status":"closed","sticky":false,"template":"","format":"standard","meta":{"footnotes":""},"categories":[5],"tags":[],"class_list":["post-1454","post","type-post","status-publish","format-standard","has-post-thumbnail","hentry","category-tamaulipas"],"_links":{"self":[{"href":"https:\/\/agridulcenoticias.com\/index.php\/wp-json\/wp\/v2\/posts\/1454","targetHints":{"allow":["GET"]}}],"collection":[{"href":"https:\/\/agridulcenoticias.com\/index.php\/wp-json\/wp\/v2\/posts"}],"about":[{"href":"https:\/\/agridulcenoticias.com\/index.php\/wp-json\/wp\/v2\/types\/post"}],"author":[{"embeddable":true,"href":"https:\/\/agridulcenoticias.com\/index.php\/wp-json\/wp\/v2\/users\/1"}],"replies":[{"embeddable":true,"href":"https:\/\/agridulcenoticias.com\/index.php\/wp-json\/wp\/v2\/comments?post=1454"}],"version-history":[{"count":1,"href":"https:\/\/agridulcenoticias.com\/index.php\/wp-json\/wp\/v2\/posts\/1454\/revisions"}],"predecessor-version":[{"id":1456,"href":"https:\/\/agridulcenoticias.com\/index.php\/wp-json\/wp\/v2\/posts\/1454\/revisions\/1456"}],"wp:featuredmedia":[{"embeddable":true,"href":"https:\/\/agridulcenoticias.com\/index.php\/wp-json\/wp\/v2\/media\/1455"}],"wp:attachment":[{"href":"https:\/\/agridulcenoticias.com\/index.php\/wp-json\/wp\/v2\/media?parent=1454"}],"wp:term":[{"taxonomy":"category","embeddable":true,"href":"https:\/\/agridulcenoticias.com\/index.php\/wp-json\/wp\/v2\/categories?post=1454"},{"taxonomy":"post_tag","embeddable":true,"href":"https:\/\/agridulcenoticias.com\/index.php\/wp-json\/wp\/v2\/tags?post=1454"}],"curies":[{"name":"wp","href":"https:\/\/api.w.org\/{rel}","templated":true}]}}