{"id":1460,"date":"2025-09-29T14:43:06","date_gmt":"2025-09-29T14:43:06","guid":{"rendered":"https:\/\/agridulcenoticias.com\/?p=1460"},"modified":"2025-09-30T14:44:13","modified_gmt":"2025-09-30T14:44:13","slug":"condenan-a-el-haza-a-11-anos-de-prision-por-asesinato-de-ciro-gomez-leyva","status":"publish","type":"post","link":"https:\/\/agridulcenoticias.com\/index.php\/2025\/09\/29\/condenan-a-el-haza-a-11-anos-de-prision-por-asesinato-de-ciro-gomez-leyva\/","title":{"rendered":"Condenan a \u201cEl Haza\u201d a 11 a\u00f1os de prisi\u00f3n por asesinato de Ciro G\u00f3mez Leyva"},"content":{"rendered":"\n<p><a><\/a>El juez Edmundo Manuel Perusqu\u00eda Caba\u00f1as dict\u00f3 la condena tras la admisi\u00f3n de culpa de \u201cEl Haza\u201d en un procedimiento abreviado<\/p>\n\n\n\n<p>Erick Hazael Ramos Mendoza, alias \u201cEl Haza\u201d o \u201cEl Gordo\u201d, fue condenado a 11 a\u00f1os de prisi\u00f3n por homicidio calificado en grado de tentativa y asociaci\u00f3n delictuosa agravada en el atentado contra el periodista Ciro G\u00f3mez Leyva.<\/p>\n\n\n\n<p>De acuerdo con las investigaciones, Ramos Mendoza, \u201cEl Haza\u201d conduc\u00eda la motocicleta en la que viajaba H\u00e9ctor Eduardo Mart\u00ednez Jim\u00e9nez, alias \u201cEl Bart\u201d, quien dispar\u00f3 en repetidas ocasiones contra el comunicador.<\/p>\n\n\n\n<p>Sentencia y procedimiento<\/p>\n\n\n\n<p>La condena fue dictada por el juez Edmundo Manuel Perusqu\u00eda Caba\u00f1as, del Centro de Justicia Penal Federal en el Reclusorio Norte, durante una audiencia de procedimiento abreviado. El propio acusado acept\u00f3 su responsabilidad y decidi\u00f3 no alargar el proceso.<\/p>\n\n\n\n<p>Seg\u00fan la Fiscal\u00eda Especial para la Atenci\u00f3n de Delitos cometidos contra la Libertad de Expresi\u00f3n (Feadle), de las 14 personas involucradas en el atentado, 12 ya han recibido sentencia condenatoria. La Fiscal\u00eda ejerci\u00f3 la facultad de atracci\u00f3n, al acreditarse que el ataque busc\u00f3 afectar el ejercicio de la libertad de expresi\u00f3n.<\/p>\n","protected":false},"excerpt":{"rendered":"<p>El juez Edmundo Manuel Perusqu\u00eda Caba\u00f1as dict\u00f3 la condena tras la admisi\u00f3n de culpa de&#8230;<\/p>\n","protected":false},"author":1,"featured_media":1461,"comment_status":"open","ping_status":"closed","sticky":false,"template":"","format":"standard","meta":{"footnotes":""},"categories":[14],"tags":[],"class_list":["post-1460","post","type-post","status-publish","format-standard","has-post-thumbnail","hentry","category-nacional"],"_links":{"self":[{"href":"https:\/\/agridulcenoticias.com\/index.php\/wp-json\/wp\/v2\/posts\/1460","targetHints":{"allow":["GET"]}}],"collection":[{"href":"https:\/\/agridulcenoticias.com\/index.php\/wp-json\/wp\/v2\/posts"}],"about":[{"href":"https:\/\/agridulcenoticias.com\/index.php\/wp-json\/wp\/v2\/types\/post"}],"author":[{"embeddable":true,"href":"https:\/\/agridulcenoticias.com\/index.php\/wp-json\/wp\/v2\/users\/1"}],"replies":[{"embeddable":true,"href":"https:\/\/agridulcenoticias.com\/index.php\/wp-json\/wp\/v2\/comments?post=1460"}],"version-history":[{"count":1,"href":"https:\/\/agridulcenoticias.com\/index.php\/wp-json\/wp\/v2\/posts\/1460\/revisions"}],"predecessor-version":[{"id":1462,"href":"https:\/\/agridulcenoticias.com\/index.php\/wp-json\/wp\/v2\/posts\/1460\/revisions\/1462"}],"wp:featuredmedia":[{"embeddable":true,"href":"https:\/\/agridulcenoticias.com\/index.php\/wp-json\/wp\/v2\/media\/1461"}],"wp:attachment":[{"href":"https:\/\/agridulcenoticias.com\/index.php\/wp-json\/wp\/v2\/media?parent=1460"}],"wp:term":[{"taxonomy":"category","embeddable":true,"href":"https:\/\/agridulcenoticias.com\/index.php\/wp-json\/wp\/v2\/categories?post=1460"},{"taxonomy":"post_tag","embeddable":true,"href":"https:\/\/agridulcenoticias.com\/index.php\/wp-json\/wp\/v2\/tags?post=1460"}],"curies":[{"name":"wp","href":"https:\/\/api.w.org\/{rel}","templated":true}]}}