{"id":1463,"date":"2025-09-29T14:44:17","date_gmt":"2025-09-29T14:44:17","guid":{"rendered":"https:\/\/agridulcenoticias.com\/?p=1463"},"modified":"2025-09-30T14:45:25","modified_gmt":"2025-09-30T14:45:25","slug":"suman-31-muertes-por-la-explosion-de-la-pipa-en-el-puente-de-la-concordia","status":"publish","type":"post","link":"https:\/\/agridulcenoticias.com\/index.php\/2025\/09\/29\/suman-31-muertes-por-la-explosion-de-la-pipa-en-el-puente-de-la-concordia\/","title":{"rendered":"Suman 31 muertes por la explosi\u00f3n de la pipa en el Puente de la Concordia"},"content":{"rendered":"\n<p><a><\/a>La Secretar\u00eda de Salud P\u00fablica de la CDMX actualiz\u00f3 la cifra de muertos por la explosi\u00f3n de la pipa de gas en Iztapalapa<\/p>\n\n\n\n<p>Autoridades de la Ciudad de M\u00e9xico elevaron a 31 la cifra de muertos por el accidente de una pipa en la alcald\u00eda Iztapalapa.<\/p>\n\n\n\n<p>La Secretar\u00eda de Salud P\u00fablica capitalina actualiz\u00f3 el parte m\u00e9dico de la tragedia.<\/p>\n\n\n\n<p>Detall\u00f3 que permanecen 13 personas hospitalizadas, en tanto que 40 ya fueron dadas de alta.<\/p>\n\n\n\n<p>Lamentablemente hay 31 fallecimientos confirmados\u201d, indic\u00f3.<\/p>\n\n\n\n<p>\u00bfC\u00f3mo ocurri\u00f3 el accidente de pipa en Iztapalapa?<\/p>\n\n\n\n<p>La explosi\u00f3n ocurri\u00f3 la tarde del mi\u00e9rcoles 10 de septiembre, cuando una pipa con capacidad de 49 mil 500 litros de gas volc\u00f3 y se incendi\u00f3 sobre la Calzada Ignacio Zaragoza, justo a la altura del Puente de la Concordia.<\/p>\n\n\n\n<p>Conclusiones del primer peritaje de la Fiscal\u00eda General de Justicia (FGJ) de la capital apuntaron al exceso de velocidad y la falta de pericia del conductor de la pipa de gas, perteneciente a la compa\u00f1\u00eda Silza.<\/p>\n\n\n\n<p>Asimismo, peritos precisaron que el conductor iba a una velocidad \u201cdel orden de los 50 kil\u00f3metros por hora\u201d, cuando la m\u00e1xima permitida en la zona es de 40 kil\u00f3metros por hora y que perdi\u00f3 el control de la unidad en una glorieta.<\/p>\n\n\n\n<p>Tambi\u00e9n apuntaron que el manejo del tractocami\u00f3n se hizo \u201csin la suficiente capacidad t\u00e9cnica al momento del hecho, ya que no mantuvo el control direccional del mismo as\u00ed como su carril de circulaci\u00f3n correspondiente\u201d.<\/p>\n\n\n\n<p>El documento compartido por la Coordinaci\u00f3n General de Servicios Periciales de la Fiscal\u00eda capitalina esclareci\u00f3 que \u201cel estado del pavimento en el per\u00edmetro del siniestro estaba seco\u201d y que no hubo obst\u00e1culos en el terreno, como baches o topes, por lo que \u201cel accidente sucedi\u00f3 en el momento que el conductor perdi\u00f3 el control\u201d.<\/p>\n\n\n\n<p>La fiscal capitalina, Bertha Alcalde, indic\u00f3 que se fincar\u00e1n responsabilidades por los delitos de:<\/p>\n\n\n\n<p>homicidio culposo<\/p>\n\n\n\n<p>lesiones culposas<\/p>\n\n\n\n<p>da\u00f1o a la propiedad.<\/p>\n\n\n\n<p>A\u00f1adi\u00f3 que Transportadora Silza, due\u00f1a de la pipa accidentada, se encuentra en plena disposici\u00f3n de cooperar en las investigaciones.<\/p>\n\n\n\n<p>La compa\u00f1\u00eda indic\u00f3 previamente que \u201casumiremos con plena seriedad nuestra responsabilidad social y legal frente a lo sucedido\u201d.<\/p>\n","protected":false},"excerpt":{"rendered":"<p>La Secretar\u00eda de Salud P\u00fablica de la CDMX actualiz\u00f3 la cifra de muertos por la&#8230;<\/p>\n","protected":false},"author":1,"featured_media":1464,"comment_status":"open","ping_status":"closed","sticky":false,"template":"","format":"standard","meta":{"footnotes":""},"categories":[14],"tags":[],"class_list":["post-1463","post","type-post","status-publish","format-standard","has-post-thumbnail","hentry","category-nacional"],"_links":{"self":[{"href":"https:\/\/agridulcenoticias.com\/index.php\/wp-json\/wp\/v2\/posts\/1463","targetHints":{"allow":["GET"]}}],"collection":[{"href":"https:\/\/agridulcenoticias.com\/index.php\/wp-json\/wp\/v2\/posts"}],"about":[{"href":"https:\/\/agridulcenoticias.com\/index.php\/wp-json\/wp\/v2\/types\/post"}],"author":[{"embeddable":true,"href":"https:\/\/agridulcenoticias.com\/index.php\/wp-json\/wp\/v2\/users\/1"}],"replies":[{"embeddable":true,"href":"https:\/\/agridulcenoticias.com\/index.php\/wp-json\/wp\/v2\/comments?post=1463"}],"version-history":[{"count":1,"href":"https:\/\/agridulcenoticias.com\/index.php\/wp-json\/wp\/v2\/posts\/1463\/revisions"}],"predecessor-version":[{"id":1465,"href":"https:\/\/agridulcenoticias.com\/index.php\/wp-json\/wp\/v2\/posts\/1463\/revisions\/1465"}],"wp:featuredmedia":[{"embeddable":true,"href":"https:\/\/agridulcenoticias.com\/index.php\/wp-json\/wp\/v2\/media\/1464"}],"wp:attachment":[{"href":"https:\/\/agridulcenoticias.com\/index.php\/wp-json\/wp\/v2\/media?parent=1463"}],"wp:term":[{"taxonomy":"category","embeddable":true,"href":"https:\/\/agridulcenoticias.com\/index.php\/wp-json\/wp\/v2\/categories?post=1463"},{"taxonomy":"post_tag","embeddable":true,"href":"https:\/\/agridulcenoticias.com\/index.php\/wp-json\/wp\/v2\/tags?post=1463"}],"curies":[{"name":"wp","href":"https:\/\/api.w.org\/{rel}","templated":true}]}}