{"id":1495,"date":"2025-09-30T15:55:24","date_gmt":"2025-09-30T15:55:24","guid":{"rendered":"https:\/\/agridulcenoticias.com\/?p=1495"},"modified":"2025-10-02T15:56:52","modified_gmt":"2025-10-02T15:56:52","slug":"brinda-dif-tampico-apoyo-absoluto-a-personas-con-discapacidad","status":"publish","type":"post","link":"https:\/\/agridulcenoticias.com\/index.php\/2025\/09\/30\/brinda-dif-tampico-apoyo-absoluto-a-personas-con-discapacidad\/","title":{"rendered":"Brinda DIF Tampico Apoyo Absoluto a Personas con Discapacidad"},"content":{"rendered":"\n<p><a><\/a>TAMPICO, TAM. (29 de septiembre de 2025).- La Presidenta del Sistema DIF Tampico, Dra. Luz Adriana Villarreal Anaya, realiz\u00f3 la entrega de una silla de ruedas tipo PCI a un joven de 17 a\u00f1os, cuyos padres se acercaron al organismo a solicitar el apoyo.<\/p>\n\n\n\n<p>La titular del Sistema DIF Tampico, asegur\u00f3 que cada aparato funcional entregado, es una oportunidad para mejorar la calidad de vida de quien lo necesite.<\/p>\n\n\n\n<p>\u201cSe hizo entrega de esta silla PCI con much\u00edsimo cari\u00f1o, s\u00e9 que el menor, la necesita y es una prioridad para que pueda tener una mayor movilidad \u201c, expres\u00f3.<\/p>\n\n\n\n<p>Villarreal Anaya indic\u00f3 que durante el primer a\u00f1o de su gesti\u00f3n, se han distribuido m\u00e1s de 900 aparatos funcionales a personas que residen en sectores de atenci\u00f3n prioritaria; en una acci\u00f3n que, asegur\u00f3, se mantendr\u00e1 de forma constante.<\/p>\n\n\n\n<p>Por su parte la se\u00f1ora Dora Cruz, mam\u00e1 del menor beneficiado con la silla PCI, agradeci\u00f3 el respaldo del organismo y reconoci\u00f3 la pronta respuesta a su solicitud.<\/p>\n\n\n\n<p>\u201cAgradezco de coraz\u00f3n su respaldo doctora Luz, y especialmente la prontitud con que resolvieron mi solicitud, mi hijo necesita mucho la silla para poder tener una mayor movilidad, gracias\u201d, mencion\u00f3.<\/p>\n\n\n\n<p>Luz Adriana Villarreal dijo por \u00faltimo que la misi\u00f3n del organismo es la de seguir respaldando el desarrollo y bienestar de los grupos prioritarios, por lo que continuamente se ampl\u00edan y fortalecen los programas destinados a este prop\u00f3sito.<\/p>\n","protected":false},"excerpt":{"rendered":"<p>TAMPICO, TAM. (29 de septiembre de 2025).- La Presidenta del Sistema DIF Tampico, Dra. Luz&#8230;<\/p>\n","protected":false},"author":1,"featured_media":1496,"comment_status":"open","ping_status":"closed","sticky":false,"template":"","format":"standard","meta":{"footnotes":""},"categories":[5],"tags":[],"class_list":["post-1495","post","type-post","status-publish","format-standard","has-post-thumbnail","hentry","category-tamaulipas"],"_links":{"self":[{"href":"https:\/\/agridulcenoticias.com\/index.php\/wp-json\/wp\/v2\/posts\/1495","targetHints":{"allow":["GET"]}}],"collection":[{"href":"https:\/\/agridulcenoticias.com\/index.php\/wp-json\/wp\/v2\/posts"}],"about":[{"href":"https:\/\/agridulcenoticias.com\/index.php\/wp-json\/wp\/v2\/types\/post"}],"author":[{"embeddable":true,"href":"https:\/\/agridulcenoticias.com\/index.php\/wp-json\/wp\/v2\/users\/1"}],"replies":[{"embeddable":true,"href":"https:\/\/agridulcenoticias.com\/index.php\/wp-json\/wp\/v2\/comments?post=1495"}],"version-history":[{"count":1,"href":"https:\/\/agridulcenoticias.com\/index.php\/wp-json\/wp\/v2\/posts\/1495\/revisions"}],"predecessor-version":[{"id":1497,"href":"https:\/\/agridulcenoticias.com\/index.php\/wp-json\/wp\/v2\/posts\/1495\/revisions\/1497"}],"wp:featuredmedia":[{"embeddable":true,"href":"https:\/\/agridulcenoticias.com\/index.php\/wp-json\/wp\/v2\/media\/1496"}],"wp:attachment":[{"href":"https:\/\/agridulcenoticias.com\/index.php\/wp-json\/wp\/v2\/media?parent=1495"}],"wp:term":[{"taxonomy":"category","embeddable":true,"href":"https:\/\/agridulcenoticias.com\/index.php\/wp-json\/wp\/v2\/categories?post=1495"},{"taxonomy":"post_tag","embeddable":true,"href":"https:\/\/agridulcenoticias.com\/index.php\/wp-json\/wp\/v2\/tags?post=1495"}],"curies":[{"name":"wp","href":"https:\/\/api.w.org\/{rel}","templated":true}]}}