{"id":1501,"date":"2025-10-01T16:01:59","date_gmt":"2025-10-01T16:01:59","guid":{"rendered":"https:\/\/agridulcenoticias.com\/?p=1501"},"modified":"2025-10-02T16:06:30","modified_gmt":"2025-10-02T16:06:30","slug":"los-compromisos-se-estan-cumpliendo-americo","status":"publish","type":"post","link":"https:\/\/agridulcenoticias.com\/index.php\/2025\/10\/01\/los-compromisos-se-estan-cumpliendo-americo\/","title":{"rendered":"\u201cLos compromisos se est\u00e1n cumpliendo\u201d: Am\u00e9rico"},"content":{"rendered":"\n<p>CIUDAD VICTORIA, TAMPS. A mitad del camino, los compromisos se est\u00e1n cumpliendo, dijo el gobernador Am\u00e9rico Villarreal Anaya al referirse a la importante cartera de proyectos estrat\u00e9gicos en ejecuci\u00f3n, tanto en inversi\u00f3n p\u00fablica como privada para Tamaulipas.<\/p>\n\n\n\n<p>Se\u00f1al\u00f3 que se trabaja en el fortalecimiento de las vocaciones productivas de cada una de las regiones.<\/p>\n\n\n\n<p>\u201cSe afianza nuestro liderazgo como la frontera log\u00edstica y comercial m\u00e1s importante de M\u00e9xico, y ahora somos la frontera mar\u00edtima y terrestre m\u00e1s din\u00e1mica del pa\u00eds\u201d, dijo, al tiempo que destac\u00f3 que Tamaulipas ocupa actualmente el primer lugar nacional en comercio carretero y ferroviario, y el tercero en comercio mar\u00edtimo.<\/p>\n\n\n\n<p>\u201cLo que se exporta desde nuestra frontera ha alcanzado su valor m\u00e1s alto en 17 a\u00f1os\u201d, subray\u00f3 el mandatario durante el mensaje dirigido al pueblo de Tamaulipas.<\/p>\n","protected":false},"excerpt":{"rendered":"<p>CIUDAD VICTORIA, TAMPS. A mitad del camino, los compromisos se est\u00e1n cumpliendo, dijo el gobernador&#8230;<\/p>\n","protected":false},"author":1,"featured_media":1502,"comment_status":"open","ping_status":"closed","sticky":false,"template":"","format":"standard","meta":{"footnotes":""},"categories":[5],"tags":[],"class_list":["post-1501","post","type-post","status-publish","format-standard","has-post-thumbnail","hentry","category-tamaulipas"],"_links":{"self":[{"href":"https:\/\/agridulcenoticias.com\/index.php\/wp-json\/wp\/v2\/posts\/1501","targetHints":{"allow":["GET"]}}],"collection":[{"href":"https:\/\/agridulcenoticias.com\/index.php\/wp-json\/wp\/v2\/posts"}],"about":[{"href":"https:\/\/agridulcenoticias.com\/index.php\/wp-json\/wp\/v2\/types\/post"}],"author":[{"embeddable":true,"href":"https:\/\/agridulcenoticias.com\/index.php\/wp-json\/wp\/v2\/users\/1"}],"replies":[{"embeddable":true,"href":"https:\/\/agridulcenoticias.com\/index.php\/wp-json\/wp\/v2\/comments?post=1501"}],"version-history":[{"count":1,"href":"https:\/\/agridulcenoticias.com\/index.php\/wp-json\/wp\/v2\/posts\/1501\/revisions"}],"predecessor-version":[{"id":1503,"href":"https:\/\/agridulcenoticias.com\/index.php\/wp-json\/wp\/v2\/posts\/1501\/revisions\/1503"}],"wp:featuredmedia":[{"embeddable":true,"href":"https:\/\/agridulcenoticias.com\/index.php\/wp-json\/wp\/v2\/media\/1502"}],"wp:attachment":[{"href":"https:\/\/agridulcenoticias.com\/index.php\/wp-json\/wp\/v2\/media?parent=1501"}],"wp:term":[{"taxonomy":"category","embeddable":true,"href":"https:\/\/agridulcenoticias.com\/index.php\/wp-json\/wp\/v2\/categories?post=1501"},{"taxonomy":"post_tag","embeddable":true,"href":"https:\/\/agridulcenoticias.com\/index.php\/wp-json\/wp\/v2\/tags?post=1501"}],"curies":[{"name":"wp","href":"https:\/\/api.w.org\/{rel}","templated":true}]}}