{"id":1510,"date":"2025-10-01T16:12:46","date_gmt":"2025-10-01T16:12:46","guid":{"rendered":"https:\/\/agridulcenoticias.com\/?p=1510"},"modified":"2025-10-02T16:36:17","modified_gmt":"2025-10-02T16:36:17","slug":"ciudad-madero-por-mas-inversion-publica-y-mayor-bienestar-erasmo-gonzalez","status":"publish","type":"post","link":"https:\/\/agridulcenoticias.com\/index.php\/2025\/10\/01\/ciudad-madero-por-mas-inversion-publica-y-mayor-bienestar-erasmo-gonzalez\/","title":{"rendered":"Ciudad Madero por m\u00e1s inversi\u00f3n p\u00fablica y mayor bienestar: Erasmo Gonz\u00e1lez"},"content":{"rendered":"\n<p>CIUDAD MADERO, TAM. (01 de octubre de 2025).- Ciudad Madero comienza su segundo a\u00f1o de gobierno con la firme convicci\u00f3n de alcanzar mejores resultados y consolidar los grandes proyectos que est\u00e1n cambiando el rostro de la ciudad, donde destacar\u00e1 la inversi\u00f3n p\u00fablica, el desarrollo econ\u00f3mico y tur\u00edstico, enfocados a transformar el municipio.<\/p>\n\n\n\n<p>El presidente municipal Erasmo Gonz\u00e1lez Robledo refrenda su compromiso con la ciudadan\u00eda al dar continuidad a una inversi\u00f3n hist\u00f3rica en obra p\u00fablica, con un \u00e9nfasis especial en pavimentaci\u00f3n para avanzar en el abatimiento del rezago y construir vialidades seguras y dignas.<\/p>\n\n\n\n<p>Durante el primer a\u00f1o de la administraci\u00f3n se lograron avances sin precedente: una inversi\u00f3n hist\u00f3rica de 215.5 millones de pesos en obra p\u00fablica, 55 acciones de pavimentaci\u00f3n equivalentes a 5,502 metros lineales de pavimento nuevo y 101,000 m\u00b2 de reencarpetado. La modernizaci\u00f3n de los servicios permiti\u00f3 duplicar el parque vehicular de recolecci\u00f3n de basura con 22 unidades que hoy cubren 56 rutas y recolectan 6,141 toneladas mensuales, junto con 1,500 toneladas adicionales de limpieza en diversas acciones comunitarias.<\/p>\n\n\n\n<p>En turismo, Playa Miramar recibi\u00f3 4.4 millones de visitantes entre enero y agosto de 2025, con una derrama econ\u00f3mica de m\u00e1s de 1,610 millones de pesos, consolid\u00e1ndose como el principal destino tur\u00edstico del noreste del pa\u00eds.<\/p>\n\n\n\n<p>El segundo a\u00f1o ser\u00e1 decisivo: se iniciar\u00e1 el Proyecto Integral La Barra, que llevar\u00e1 drenaje sanitario a m\u00e1s de 1,100 familias y detonar\u00e1 el desarrollo econ\u00f3mico y tur\u00edstico en la zona costera; se avanzar\u00e1 en el Parque Lineal Adriana Gonz\u00e1lez, un espacio verde que transformar\u00e1 la convivencia comunitaria; y se pondr\u00e1 en operaci\u00f3n la Estaci\u00f3n de Transferencia de Residuos, que optimizar\u00e1 el servicio de recolecci\u00f3n con una inversi\u00f3n cercana a 70 millones de pesos. Muy pronto tambi\u00e9n se ampliar\u00e1 el equipamiento y las unidades motrices de Protecci\u00f3n Civil y Tr\u00e1nsito, fortaleciendo la seguridad y atenci\u00f3n a la poblaci\u00f3n.<\/p>\n\n\n\n<p>Este esfuerzo se realiza con el respaldo decidido del gobernador Dr. Am\u00e9rico Villarreal Anaya, cuya visi\u00f3n humanista y compromiso con Tamaulipas, junto a la doctora Mar\u00eda de Villarreal, se traducen en acciones de bienestar que fortalecen a Ciudad Madero y a toda la regi\u00f3n sur del estado.<\/p>\n\n\n\n<p>Erasmo Gonz\u00e1lez subray\u00f3 que este segundo a\u00f1o ser\u00e1 de mayor transformaci\u00f3n, con un gobierno cercano a la gente, que escucha y convierte cada acci\u00f3n en progreso para las familias maderenses.<\/p>\n","protected":false},"excerpt":{"rendered":"<p>CIUDAD MADERO, TAM. (01 de octubre de 2025).- Ciudad Madero comienza su segundo a\u00f1o de&#8230;<\/p>\n","protected":false},"author":1,"featured_media":1511,"comment_status":"open","ping_status":"closed","sticky":false,"template":"","format":"standard","meta":{"footnotes":""},"categories":[3,5],"tags":[],"class_list":["post-1510","post","type-post","status-publish","format-standard","has-post-thumbnail","hentry","category-madero","category-tamaulipas"],"_links":{"self":[{"href":"https:\/\/agridulcenoticias.com\/index.php\/wp-json\/wp\/v2\/posts\/1510","targetHints":{"allow":["GET"]}}],"collection":[{"href":"https:\/\/agridulcenoticias.com\/index.php\/wp-json\/wp\/v2\/posts"}],"about":[{"href":"https:\/\/agridulcenoticias.com\/index.php\/wp-json\/wp\/v2\/types\/post"}],"author":[{"embeddable":true,"href":"https:\/\/agridulcenoticias.com\/index.php\/wp-json\/wp\/v2\/users\/1"}],"replies":[{"embeddable":true,"href":"https:\/\/agridulcenoticias.com\/index.php\/wp-json\/wp\/v2\/comments?post=1510"}],"version-history":[{"count":1,"href":"https:\/\/agridulcenoticias.com\/index.php\/wp-json\/wp\/v2\/posts\/1510\/revisions"}],"predecessor-version":[{"id":1512,"href":"https:\/\/agridulcenoticias.com\/index.php\/wp-json\/wp\/v2\/posts\/1510\/revisions\/1512"}],"wp:featuredmedia":[{"embeddable":true,"href":"https:\/\/agridulcenoticias.com\/index.php\/wp-json\/wp\/v2\/media\/1511"}],"wp:attachment":[{"href":"https:\/\/agridulcenoticias.com\/index.php\/wp-json\/wp\/v2\/media?parent=1510"}],"wp:term":[{"taxonomy":"category","embeddable":true,"href":"https:\/\/agridulcenoticias.com\/index.php\/wp-json\/wp\/v2\/categories?post=1510"},{"taxonomy":"post_tag","embeddable":true,"href":"https:\/\/agridulcenoticias.com\/index.php\/wp-json\/wp\/v2\/tags?post=1510"}],"curies":[{"name":"wp","href":"https:\/\/api.w.org\/{rel}","templated":true}]}}