{"id":1513,"date":"2025-10-01T16:36:22","date_gmt":"2025-10-01T16:36:22","guid":{"rendered":"https:\/\/agridulcenoticias.com\/?p=1513"},"modified":"2025-10-02T16:42:52","modified_gmt":"2025-10-02T16:42:52","slug":"senado-aprueba-la-reforma-a-la-ley-de-amparo","status":"publish","type":"post","link":"https:\/\/agridulcenoticias.com\/index.php\/2025\/10\/01\/senado-aprueba-la-reforma-a-la-ley-de-amparo\/","title":{"rendered":"Senado aprueba la reforma a la Ley de Amparo"},"content":{"rendered":"\n<p>La iniciativa se aprob\u00f3 con 76 votos a favor<\/p>\n\n\n\n<p>octubre 1, 2025<\/p>\n\n\n\n<p>El Senado de la Rep\u00fablica aprob\u00f3 este mi\u00e9rcoles en lo general y lo particular la reforma a la Ley de Amparo impulsada por la presidenta Claudia Sheinbaum.<\/p>\n\n\n\n<p>La iniciativa se aprob\u00f3 con 76 votos a favor. En lo particular, la reforma se aval\u00f3 con 70 votos a favor, 39 en contra y cero abstenciones.<\/p>\n\n\n\n<p>Presidencia de la Rep\u00fablica envi\u00f3 en septiembre de 2025 una iniciativa de reforma a la Ley de Amparo.<\/p>\n\n\n\n<p>La iniciativa contempla los siguientes puntos:<\/p>\n\n\n\n<p>Redefinici\u00f3n del \u201cinter\u00e9s leg\u00edtimo\u201d, limit\u00e1ndolo a afectaciones concretas y directas.<\/p>\n\n\n\n<p>Restricciones a la figura de la suspensi\u00f3n; esto es, a las medidas cautelares que frenan actos de autoridad.<\/p>\n\n\n\n<p>Plazos y procedimientos m\u00e1s acotados para tramitar los juicios de amparo.<\/p>\n\n\n\n<p>Digitalizaci\u00f3n del tr\u00e1mite (juicio de amparo electr\u00f3nico) y armonizaci\u00f3n con normas fiscales.<\/p>\n\n\n\n<p>Ajustes procesales para agilizar y modernizar el amparo.<\/p>\n","protected":false},"excerpt":{"rendered":"<p>La iniciativa se aprob\u00f3 con 76 votos a favor octubre 1, 2025 El Senado de&#8230;<\/p>\n","protected":false},"author":1,"featured_media":1514,"comment_status":"open","ping_status":"closed","sticky":false,"template":"","format":"standard","meta":{"footnotes":""},"categories":[14],"tags":[],"class_list":["post-1513","post","type-post","status-publish","format-standard","has-post-thumbnail","hentry","category-nacional"],"_links":{"self":[{"href":"https:\/\/agridulcenoticias.com\/index.php\/wp-json\/wp\/v2\/posts\/1513","targetHints":{"allow":["GET"]}}],"collection":[{"href":"https:\/\/agridulcenoticias.com\/index.php\/wp-json\/wp\/v2\/posts"}],"about":[{"href":"https:\/\/agridulcenoticias.com\/index.php\/wp-json\/wp\/v2\/types\/post"}],"author":[{"embeddable":true,"href":"https:\/\/agridulcenoticias.com\/index.php\/wp-json\/wp\/v2\/users\/1"}],"replies":[{"embeddable":true,"href":"https:\/\/agridulcenoticias.com\/index.php\/wp-json\/wp\/v2\/comments?post=1513"}],"version-history":[{"count":1,"href":"https:\/\/agridulcenoticias.com\/index.php\/wp-json\/wp\/v2\/posts\/1513\/revisions"}],"predecessor-version":[{"id":1515,"href":"https:\/\/agridulcenoticias.com\/index.php\/wp-json\/wp\/v2\/posts\/1513\/revisions\/1515"}],"wp:featuredmedia":[{"embeddable":true,"href":"https:\/\/agridulcenoticias.com\/index.php\/wp-json\/wp\/v2\/media\/1514"}],"wp:attachment":[{"href":"https:\/\/agridulcenoticias.com\/index.php\/wp-json\/wp\/v2\/media?parent=1513"}],"wp:term":[{"taxonomy":"category","embeddable":true,"href":"https:\/\/agridulcenoticias.com\/index.php\/wp-json\/wp\/v2\/categories?post=1513"},{"taxonomy":"post_tag","embeddable":true,"href":"https:\/\/agridulcenoticias.com\/index.php\/wp-json\/wp\/v2\/tags?post=1513"}],"curies":[{"name":"wp","href":"https:\/\/api.w.org\/{rel}","templated":true}]}}