{"id":1525,"date":"2025-10-01T16:51:50","date_gmt":"2025-10-01T16:51:50","guid":{"rendered":"https:\/\/agridulcenoticias.com\/?p=1525"},"modified":"2025-10-02T16:55:32","modified_gmt":"2025-10-02T16:55:32","slug":"venezuela-celebra-la-navidad-en-medio-de-tensiones-con-ee-uu","status":"publish","type":"post","link":"https:\/\/agridulcenoticias.com\/index.php\/2025\/10\/01\/venezuela-celebra-la-navidad-en-medio-de-tensiones-con-ee-uu\/","title":{"rendered":"Venezuela celebra la Navidad en medio de tensiones con EE.UU."},"content":{"rendered":"\n<p>La Navidad lleg\u00f3 a Venezuela este octubre, en medio de la tensi\u00f3n por el despliegue militar de EE.UU. cerca de sus aguas<\/p>\n\n\n\n<p>octubre 1, 2025<\/p>\n\n\n\n<p><strong>Venezuela<\/strong> recibe a partir de este 1 de octubre una <strong>Navidad<\/strong> nuevamente adelantada por el mandatario Nicol\u00e1s Maduro, en medio de la <strong>tensi\u00f3n<\/strong> por el <a href=\"https:\/\/lopezdoriga.com\/internacional\/el-mundo\/venezuela-denuncia-en-la-onu-el-despliegue-de-buques-militares-de-ee-uu-en-el-caribe\/\" target=\"_blank\" rel=\"noreferrer noopener\">despliegue militar de EE.UU.<\/a> cerca de sus aguas y que no ha logrado quebrar la relativa normalidad en el pa\u00eds, marcada por dificultades econ\u00f3micas, fallas en servicios b\u00e1sicos y una incertidumbre pol\u00edtica acentuada tras las presidenciales de 2024.<\/p>\n\n\n\n<p>El d\u00eda a d\u00eda se mantiene: los estudiantes asisten a clases, los empleados acuden a sus puestos de trabajo, las unidades de transporte p\u00fablico transitan ocupadas, hay tr\u00e1fico en las calles, los establecimientos comerciales abren, las playas se llenan de ba\u00f1istas y prosiguen los preparativos de eventos religiosos, art\u00edsticos y deportivos.<a href=\"https:\/\/lopezdoriga.com\/wp-content\/uploads\/2025\/10\/letrero-de-feliz-navidad-en-venezuela.jpg\"><\/a><\/p>\n\n\n\n<figure class=\"wp-block-image\" id=\"attachment_1741740\"><a href=\"https:\/\/lopezdoriga.com\/wp-content\/uploads\/2025\/10\/letrero-de-feliz-navidad-en-venezuela.jpg\"><img decoding=\"async\" src=\"https:\/\/lopezdoriga.com\/wp-content\/uploads\/2025\/10\/letrero-de-feliz-navidad-en-venezuela.jpg\" alt=\"Venezuela celebra la Navidad en medio de tensiones con EE.UU. - letrero-de-feliz-navidad-en-venezuela\" class=\"wp-image-1741740\" title=\"\"\/><\/a><figcaption class=\"wp-element-caption\">Letrero de Feliz Navidad en Venezuela. Foto de EFE\/ Ronald Pe\u00f1a R<\/figcaption><\/figure>\n\n\n\n<p>A esta cotidianidad se le ha sumado, desde agosto, la convocatoria por parte del Gobierno a movilizaciones y otras actividades en respuesta al despliegue estadounidense, que califica como una \u201camenaza\u201d contra la soberan\u00eda, por lo que ha insistido en el llamado al alistamiento en la Milicia y a participar en jornadas de adiestramiento militar.<\/p>\n\n\n\n<p>Pero a pesar del fantasma de una \u201clucha armada\u201d, un escenario contemplado por el Gobierno en caso de una agresi\u00f3n, los ciudadanos siguen con sus rutinas.<\/p>\n\n\n\n<p>\u201cEl problema econ\u00f3mico ha sido la peor amenaza que tenemos, no hay poder adquisitivo\u201d, asegur\u00f3 a EFE, Yuraima Mena, una pensionista de 65 a\u00f1os que se encontraba con su esposo en un bulevar de Caracas, y para quien Maduro adelant\u00f3 la <strong>Navidad<\/strong> con el fin de que \u201cla gente se enfoque en eso\u201d y no \u201cen el problema principal, que -dijo- es lo del d\u00f3lar\u201d.<\/p>\n\n\n\n<p>Mena -que subsiste con una pensi\u00f3n de 130 bol\u00edvares (72 centavos de d\u00f3lar, a la tasa oficial) y un bono denominado \u201cingreso contra la guerra econ\u00f3mica\u201d equivalente a casi 50 d\u00f3lares- sostuvo que el aumento del precio de la divisa y el encarecimiento de los productos es hoy la \u201cmayor preocupaci\u00f3n\u201d, as\u00ed como sus ingresos, que, asegura, \u201cno alcanzan para nada\u201d.<\/p>\n\n\n\n<h2 class=\"wp-block-heading\">&nbsp;Una \u201camenaza\u201d latente<\/h2>\n\n\n\n<p>Merlis Rodr\u00edguez, estudiante de Audiovisuales en una universidad p\u00fablica, acudi\u00f3 el martes a la instituci\u00f3n por las inscripciones para el reinicio de clases este mes.<\/p>\n\n\n\n<p>Su cotidianidad, la de \u201cuna estudiante que trata de echar la vida pa\u2019lante trabajando\u201d, como ella misma describi\u00f3 a EFE, sigue \u201cnormal\u201d.<\/p>\n\n\n\n<figure class=\"wp-block-image\" id=\"attachment_1741741\"><a href=\"https:\/\/lopezdoriga.com\/wp-content\/uploads\/2025\/10\/decoracion-navidena-en-venezuela.jpg\"><img decoding=\"async\" src=\"https:\/\/lopezdoriga.com\/wp-content\/uploads\/2025\/10\/decoracion-navidena-en-venezuela.jpg\" alt=\"Venezuela celebra la Navidad en medio de tensiones con EE.UU. - decoracion-navidena-en-venezuela\" class=\"wp-image-1741741\" title=\"\"\/><\/a><figcaption class=\"wp-element-caption\">Decoraci\u00f3n navide\u00f1a en Venezuela. Foto de EFE\/ Ronald Pe\u00f1a R<\/figcaption><\/figure>\n\n\n\n<p>No obstante, esta joven de 21 a\u00f1os admite sentir temor de que se concrete \u201cla amenaza\u201d y que un eventual conflicto se extienda fuera de Caracas, incluyendo a la ciudad en la que vive con sus padres, a poco m\u00e1s de 40 kil\u00f3metros de la capital.<\/p>\n\n\n\n<p>Mientras, Washington defiende el despliegue como una operaci\u00f3n contra el narcotr\u00e1fico supuestamente procedente de Venezuela, lo que rechaza Caracas, que acusa a EE.UU. de preparar \u201cuna agresi\u00f3n cada vez con m\u00e1s fuerza\u201d para propiciar un \u201ccambio de r\u00e9gimen\u201d y para apoderarse de las riquezas energ\u00e9ticas del pa\u00eds suramericano.<\/p>\n\n\n\n<p>El lunes, la vicepresidenta ejecutiva, Delcy Rodr\u00edguez, dijo que Maduro \u201csuscribi\u00f3\u201d un \u201cdecreto de conmoci\u00f3n externa\u201d que \u201cda poderes\u201d y \u201cfacultades especiales\u201d al jefe de Estado \u201cpara actuar en materia de defensa y seguridad\u201d.<\/p>\n\n\n\n<h2 class=\"wp-block-heading\">&nbsp;La \u201cf\u00f3rmula\u201d navide\u00f1a<\/h2>\n\n\n\n<p>En este contexto, <strong>Maduro<\/strong>, como ha hecho en otros a\u00f1os desde que lleg\u00f3 al poder, en 2013, volvi\u00f3 a <strong>adelantar<\/strong> la <strong>Navidad<\/strong>.<\/p>\n\n\n\n<p>Desde este 1 de octubre comenzar\u00e1 la celebraci\u00f3n, para lo cual empezaron a decorarse varias zonas de Caracas, como el Paseo Los Pr\u00f3ceres -un monumento con fuentes, plazoletas y estatuas de l\u00edderes independentistas-, aleda\u00f1o al complejo militar Fuerte Tiuna.<\/p>\n\n\n\n<p>En los d\u00edas previos a la fecha pautada, se han decorado avenidas, plazas, \u00e1rboles y postes el\u00e9ctricos, al tiempo que algunas tiendas ya venden art\u00edculos navide\u00f1os.<\/p>\n\n\n\n<p>Seg\u00fan Maduro, este adelanto es una \u201cf\u00f3rmula\u201d que ha resultado \u201cmuy bien para la econom\u00eda, para la cultura, para la alegr\u00eda y la felicidad\u201d.<\/p>\n\n\n\n<p>Alexander Oma\u00f1a, un vendedor de chicha en un sector de Caracas, ha visto que en las \u00faltimas semanas \u201chay m\u00e1s\u201d personas en el bulevar comercial donde tiene su puesto, lo que cree que est\u00e1 relacionado con la proximidad de la anticipada \u00e9poca navide\u00f1a.<\/p>\n\n\n\n<p>\u201cLa gente sale a comprar, la gente sale a caminar, a pasear, (\u2026) vienen las Navidades, la gente sale a comprar adelantado\u201d, se\u00f1al\u00f3 este hombre de 46 a\u00f1os, que sigue \u201ctrabajando duro\u201d y \u201chasta los momentos\u201d, asegura, ve que todo est\u00e1 \u201cnormalito\u201d.<\/p>\n\n\n\n<p>La <strong>Navidad<\/strong> coincide con los preparativos para celebrar este mes las canonizaciones del m\u00e9dico laico Jos\u00e9 Gregorio Hern\u00e1ndez y de la religiosa Carmen Rendiles, y el comienzo de la temporada del b\u00e9isbol nacional, el deporte preferido por los venezolanos.<\/p>\n","protected":false},"excerpt":{"rendered":"<p>La Navidad lleg\u00f3 a Venezuela este octubre, en medio de la tensi\u00f3n por el despliegue&#8230;<\/p>\n","protected":false},"author":1,"featured_media":1526,"comment_status":"open","ping_status":"closed","sticky":false,"template":"","format":"standard","meta":{"footnotes":""},"categories":[15],"tags":[],"class_list":["post-1525","post","type-post","status-publish","format-standard","has-post-thumbnail","hentry","category-internacional"],"_links":{"self":[{"href":"https:\/\/agridulcenoticias.com\/index.php\/wp-json\/wp\/v2\/posts\/1525","targetHints":{"allow":["GET"]}}],"collection":[{"href":"https:\/\/agridulcenoticias.com\/index.php\/wp-json\/wp\/v2\/posts"}],"about":[{"href":"https:\/\/agridulcenoticias.com\/index.php\/wp-json\/wp\/v2\/types\/post"}],"author":[{"embeddable":true,"href":"https:\/\/agridulcenoticias.com\/index.php\/wp-json\/wp\/v2\/users\/1"}],"replies":[{"embeddable":true,"href":"https:\/\/agridulcenoticias.com\/index.php\/wp-json\/wp\/v2\/comments?post=1525"}],"version-history":[{"count":1,"href":"https:\/\/agridulcenoticias.com\/index.php\/wp-json\/wp\/v2\/posts\/1525\/revisions"}],"predecessor-version":[{"id":1527,"href":"https:\/\/agridulcenoticias.com\/index.php\/wp-json\/wp\/v2\/posts\/1525\/revisions\/1527"}],"wp:featuredmedia":[{"embeddable":true,"href":"https:\/\/agridulcenoticias.com\/index.php\/wp-json\/wp\/v2\/media\/1526"}],"wp:attachment":[{"href":"https:\/\/agridulcenoticias.com\/index.php\/wp-json\/wp\/v2\/media?parent=1525"}],"wp:term":[{"taxonomy":"category","embeddable":true,"href":"https:\/\/agridulcenoticias.com\/index.php\/wp-json\/wp\/v2\/categories?post=1525"},{"taxonomy":"post_tag","embeddable":true,"href":"https:\/\/agridulcenoticias.com\/index.php\/wp-json\/wp\/v2\/tags?post=1525"}],"curies":[{"name":"wp","href":"https:\/\/api.w.org\/{rel}","templated":true}]}}