{"id":1537,"date":"2025-10-02T16:26:10","date_gmt":"2025-10-02T16:26:10","guid":{"rendered":"https:\/\/agridulcenoticias.com\/?p=1537"},"modified":"2025-10-03T16:26:46","modified_gmt":"2025-10-03T16:26:46","slug":"marcha-por-el-2-de-octubre-caos-en-el-zocalo-de-la-cdmx-por-enfrentamientos","status":"publish","type":"post","link":"https:\/\/agridulcenoticias.com\/index.php\/2025\/10\/02\/marcha-por-el-2-de-octubre-caos-en-el-zocalo-de-la-cdmx-por-enfrentamientos\/","title":{"rendered":"Marcha por el 2 de octubre: Caos en el Z\u00f3calo de la CDMX por enfrentamientos"},"content":{"rendered":"\n<p><a><\/a>Los manifestantes han provocado da\u00f1os en inmuebles, enfrentado a elementos de la SSC y saqueado negocios<\/p>\n\n\n\n<p>La marcha por el 2 de octubre este jueves se torn\u00f3 violenta a la llegada de los manifestantes al Centro Hist\u00f3rico de la Ciudad de M\u00e9xico.<\/p>\n\n\n\n<p>Los manifestantes han provocado da\u00f1os en inmuebles, enfrentado a polic\u00edas y saqueado negocios.<\/p>\n\n\n\n<p>Elementos de la Secretar\u00eda de Seguridad Ciudadana (SSC) se han movilizado para intentar contener a los manifestantes.<\/p>\n\n\n\n<p>Con la protesta -apenas iniciada a las 16.00 horas en la Plaza de las Tres Culturas en Tlatelolco con destino al Z\u00f3calo, los disturbios arrancaron con pintadas, saqueos en tiendas departamentales, de las cuales se extrajo comida, botes de pintura, aerosoles y objetos que posteriormente fueron usados para violentar a la autoridad policial e incluso a periodistas y sus equipos de trabajo.<\/p>\n\n\n\n<p>En el Z\u00f3calo la protesta se dividi\u00f3 en dos grupos: los manifestantes que quer\u00edan llevar a cabo la protesta de manera pac\u00edfica y el llamado bloque negro u \u201canarquistas\u201d, quienes lanzaron piedras, petardos, bombas molotov y cubetas de pintura a la polic\u00eda del Gobierno de la Ciudad de M\u00e9xico y de la Secretar\u00eda de Seguridad Ciudadana.<\/p>\n\n\n\n<p>Los v\u00e1ndalos, que se enfrentaron a las autoridades durante unos noventa minutos, usaron lanzallamas caseros, que provocaron da\u00f1os exteriores a los uniformes de los agentes policiales que rodeaban tiendas departamentales, as\u00ed como joyer\u00edas, para evitar el saqueo y las pintadas a los edificios del centro hist\u00f3rico de la capital.<\/p>\n\n\n\n<p>Los polic\u00edas respondieron a las agresiones con qu\u00edmico de extintores, aunque muchos fueron despojados de sus escudos y cascos por parte de los anarquistas, quienes adem\u00e1s intentaron quemarlos y atacarlos con piedras y martillos.<\/p>\n\n\n\n<p>Leer tambi\u00e9n: El apoyo a Gaza se suma a la marcha por el 2 de octubre<\/p>\n\n\n\n<p>La marcha cont\u00f3 con la vigilancia del personal de la Secretar\u00eda de Gobierno y de la Comisi\u00f3n de Derechos Humanos, ambas de la Ciudad de M\u00e9xico, quienes no informaron sobre la cifra de heridos o decesos.<\/p>\n\n\n\n<p>Sin embargo, medios han registrado dos heridos, personas desmayadas y con convulsiones, as\u00ed como polic\u00edas con quemaduras y golpes graves y lesiones en la cabeza.<\/p>\n\n\n\n<p>Decenas de tiendas departamentales en la avenida Ricardo Flores Mag\u00f3n, Eje Central y 5 de Mayo han sido afectadas por saqueos, pintas o el desmantelamiento total de las instalaciones.<\/p>\n\n\n\n<p>Este choque entre anarquistas encapuchados y los polic\u00edas es considerado uno de los eventos m\u00e1s violentos en los \u00faltimos a\u00f1os registrados en la Ciudad de M\u00e9xico, el cual se enmarca en el aniversario de la masacre estudiantil de Tlatelolco del 2 de octubre de 1968, donde fueron asesinados m\u00e1s de trescientos estudiantes y otros cientos desaparecidos, seg\u00fan organizaciones civiles, aunque las autoridades solo reportaron 37 decesos<\/p>\n","protected":false},"excerpt":{"rendered":"<p>Los manifestantes han provocado da\u00f1os en inmuebles, enfrentado a elementos de la SSC y saqueado&#8230;<\/p>\n","protected":false},"author":1,"featured_media":1538,"comment_status":"open","ping_status":"closed","sticky":false,"template":"","format":"standard","meta":{"footnotes":""},"categories":[14],"tags":[],"class_list":["post-1537","post","type-post","status-publish","format-standard","has-post-thumbnail","hentry","category-nacional"],"_links":{"self":[{"href":"https:\/\/agridulcenoticias.com\/index.php\/wp-json\/wp\/v2\/posts\/1537","targetHints":{"allow":["GET"]}}],"collection":[{"href":"https:\/\/agridulcenoticias.com\/index.php\/wp-json\/wp\/v2\/posts"}],"about":[{"href":"https:\/\/agridulcenoticias.com\/index.php\/wp-json\/wp\/v2\/types\/post"}],"author":[{"embeddable":true,"href":"https:\/\/agridulcenoticias.com\/index.php\/wp-json\/wp\/v2\/users\/1"}],"replies":[{"embeddable":true,"href":"https:\/\/agridulcenoticias.com\/index.php\/wp-json\/wp\/v2\/comments?post=1537"}],"version-history":[{"count":1,"href":"https:\/\/agridulcenoticias.com\/index.php\/wp-json\/wp\/v2\/posts\/1537\/revisions"}],"predecessor-version":[{"id":1539,"href":"https:\/\/agridulcenoticias.com\/index.php\/wp-json\/wp\/v2\/posts\/1537\/revisions\/1539"}],"wp:featuredmedia":[{"embeddable":true,"href":"https:\/\/agridulcenoticias.com\/index.php\/wp-json\/wp\/v2\/media\/1538"}],"wp:attachment":[{"href":"https:\/\/agridulcenoticias.com\/index.php\/wp-json\/wp\/v2\/media?parent=1537"}],"wp:term":[{"taxonomy":"category","embeddable":true,"href":"https:\/\/agridulcenoticias.com\/index.php\/wp-json\/wp\/v2\/categories?post=1537"},{"taxonomy":"post_tag","embeddable":true,"href":"https:\/\/agridulcenoticias.com\/index.php\/wp-json\/wp\/v2\/tags?post=1537"}],"curies":[{"name":"wp","href":"https:\/\/api.w.org\/{rel}","templated":true}]}}