{"id":1552,"date":"2025-10-02T16:32:14","date_gmt":"2025-10-02T16:32:14","guid":{"rendered":"https:\/\/agridulcenoticias.com\/?p=1552"},"modified":"2025-10-03T16:33:03","modified_gmt":"2025-10-03T16:33:03","slug":"sre-mexicanos-detenidos-por-israel-en-la-flotilla-global-sumud-seran-llevados-al-centro-de-detencion-de-ketziot","status":"publish","type":"post","link":"https:\/\/agridulcenoticias.com\/index.php\/2025\/10\/02\/sre-mexicanos-detenidos-por-israel-en-la-flotilla-global-sumud-seran-llevados-al-centro-de-detencion-de-ketziot\/","title":{"rendered":"SRE: Mexicanos detenidos por Israel en la flotilla Global Sumud ser\u00e1n llevados al centro de detenci\u00f3n de Ketziot"},"content":{"rendered":"\n<p>SRE inform\u00f3 que los mexicanos que iban en la flotilla Global Sumud ser\u00e1n trasladados por Israel al centro de detenci\u00f3n de Ketziot<\/p>\n\n\n\n<p>octubre 2, 2025<\/p>\n\n\n\n<p>La Secretar\u00eda de relaciones Exteriores (SRE) inform\u00f3 en un comunicado que los seis mexicanos detenidos por Israel, los cuales iban en la flotilla Global Sumud que se dirig\u00eda a Gaza para llevar ayuda humanitaria, llegaron este jueves 2 de octubre de 2025 al puerto de Ashdod y de ah\u00ed ser\u00e1n transferidas al centro de detenci\u00f3n de Ketziot.<\/p>\n\n\n\n<p>Adem\u00e1s, destac\u00f3 que la connacional que viajaba en la embarcaci\u00f3n de apoyo legal de dicha flotilla ya se dirige rumbo a Chipre.<\/p>\n\n\n\n<p>Canciller\u00eda recalc\u00f3 que funcionarios de la Embajada de M\u00e9xico en Israel acudieron al puerto de Ashdod para verificar de manera directa las condiciones en el terreno, solicitar el acceso consular y asegurar que se respete la seguridad e integridad de los mexicanos que iban en la flotilla, de conformidad con el derecho internacional aplicable.<\/p>\n\n\n\n<p>Indic\u00f3 que a la fecha se han enviado cuatro notas diplom\u00e1ticas al gobierno israel\u00ed y sostenido entrevistas con funcionarios del Ministerio de Relaciones Exteriores de Israel, con el prop\u00f3sito de garantizar la integridad f\u00edsica y el respeto a los derechos de las personas mexicanas, as\u00ed como pedir garant\u00edas e \u2060informaci\u00f3n sobre las razones o circunstancias que se les imputan, y poder brindar la asistencia consular que permita su inmediata repatriaci\u00f3n a M\u00e9xico.<\/p>\n\n\n\n<p>Se inform\u00f3 tambi\u00e9n que se estuvo en contacto permanente con todas y todos ellos desde que zarp\u00f3 la Flotilla y que la Canciller\u00eda se ha mantenido en contacto con sus familiares.<\/p>\n\n\n\n<p>Relaciones Exteriores indic\u00f3 que \u201cseguir\u00e1 dando puntual seguimiento a este lamentable suceso, velando por los derechos de las y los connacionales detenidos y procurando, por todos los medios legales y diplom\u00e1ticos posibles, su pronto regreso a nuestro pa\u00eds\u201d.<\/p>\n\n\n\n<p>La SRE reitera que la asistencia humanitaria no significa la comisi\u00f3n de delito alguno, por el contrario, constituye una obligaci\u00f3n para todas las partes en conflictos armados y es una expresi\u00f3n de la solidaridad de la comunidad internacional\u201d, expuso.<\/p>\n\n\n\n<p>La presidenta de M\u00e9xico, Claudia Sheinbaum, exigi\u00f3 a Israel la repatriaci\u00f3n inmediata de los seis connacionales que fueron detenidos el mi\u00e9rcoles 1 de octubre mientras participaban en la Flotilla Global Sumud, que se dirig\u00eda a Gaza con ayuda humanitaria.<\/p>\n\n\n\n<p>En total 50 embarcaciones y alrededor de 500 activistas de 48 pa\u00edses conforman la flotilla Sumud Global. El Ministerio de Exteriores israel\u00ed inform\u00f3 de que varios barcos de la Flotilla han sido \u201cdetenidos sin problema\u201d y que sus pasajeros est\u00e1n siendo trasladados a un puerto israel\u00ed.<\/p>\n","protected":false},"excerpt":{"rendered":"<p>SRE inform\u00f3 que los mexicanos que iban en la flotilla Global Sumud ser\u00e1n trasladados por&#8230;<\/p>\n","protected":false},"author":1,"featured_media":1553,"comment_status":"open","ping_status":"closed","sticky":false,"template":"","format":"standard","meta":{"footnotes":""},"categories":[6],"tags":[],"class_list":["post-1552","post","type-post","status-publish","format-standard","has-post-thumbnail","hentry","category-deportes"],"_links":{"self":[{"href":"https:\/\/agridulcenoticias.com\/index.php\/wp-json\/wp\/v2\/posts\/1552","targetHints":{"allow":["GET"]}}],"collection":[{"href":"https:\/\/agridulcenoticias.com\/index.php\/wp-json\/wp\/v2\/posts"}],"about":[{"href":"https:\/\/agridulcenoticias.com\/index.php\/wp-json\/wp\/v2\/types\/post"}],"author":[{"embeddable":true,"href":"https:\/\/agridulcenoticias.com\/index.php\/wp-json\/wp\/v2\/users\/1"}],"replies":[{"embeddable":true,"href":"https:\/\/agridulcenoticias.com\/index.php\/wp-json\/wp\/v2\/comments?post=1552"}],"version-history":[{"count":1,"href":"https:\/\/agridulcenoticias.com\/index.php\/wp-json\/wp\/v2\/posts\/1552\/revisions"}],"predecessor-version":[{"id":1554,"href":"https:\/\/agridulcenoticias.com\/index.php\/wp-json\/wp\/v2\/posts\/1552\/revisions\/1554"}],"wp:featuredmedia":[{"embeddable":true,"href":"https:\/\/agridulcenoticias.com\/index.php\/wp-json\/wp\/v2\/media\/1553"}],"wp:attachment":[{"href":"https:\/\/agridulcenoticias.com\/index.php\/wp-json\/wp\/v2\/media?parent=1552"}],"wp:term":[{"taxonomy":"category","embeddable":true,"href":"https:\/\/agridulcenoticias.com\/index.php\/wp-json\/wp\/v2\/categories?post=1552"},{"taxonomy":"post_tag","embeddable":true,"href":"https:\/\/agridulcenoticias.com\/index.php\/wp-json\/wp\/v2\/tags?post=1552"}],"curies":[{"name":"wp","href":"https:\/\/api.w.org\/{rel}","templated":true}]}}