{"id":1673,"date":"2025-10-07T21:18:12","date_gmt":"2025-10-08T03:18:12","guid":{"rendered":"https:\/\/agridulcenoticias.com\/?p=1673"},"modified":"2025-10-07T21:18:13","modified_gmt":"2025-10-08T03:18:13","slug":"por-ataque-armado-cierran-la-tampico-victoria","status":"publish","type":"post","link":"https:\/\/agridulcenoticias.com\/index.php\/2025\/10\/07\/por-ataque-armado-cierran-la-tampico-victoria\/","title":{"rendered":"Por ataque armado, cierran la Tampico \u2013 Victoria"},"content":{"rendered":"\n<p>El ataque dej\u00f3 sin vida a siete personas.<\/p>\n\n\n\n<p>Un ataque armado registrado en el tramo Estaci\u00f3n Manuel\u2013Zaragoza de la carretera federal Tampico\u2013Ciudad Victoria, dej\u00f3 7 personas sin vida.<\/p>\n\n\n\n<p>De acuerdo con informaci\u00f3n de la Vocer\u00eda de Seguridad Tamaulipas, en el incidente particip\u00f3 personal militar, por lo que se desplegaron fuerzas federales y estatales para resguardar el \u00e1rea y garantizar la seguridad de los automovilistas.<\/p>\n\n\n\n<p>La dependencia inform\u00f3 que la vialidad permanece cerrada en ambos sentidos y exhort\u00f3 a los conductores a evitar la zona hasta nuevo aviso.<\/p>\n\n\n\n<p>Hasta el momento, no se han reportado personas detenidas, y las autoridades contin\u00faan recabando informaci\u00f3n para esclarecer los hechos y determinar responsabilidades.<\/p>\n\n\n\n<p>En redes sociales circularon fotograf\u00edas del lugar donde se observa el despliegue de fuerzas federales y estatales y sobre la carretera se observan varias personas tendidas a un lado una camioneta blanca con m\u00faltiples disparos de armado fuego.<\/p>\n\n\n\n<p>A trav\u00e9s de un comunicado en redes sociales, la Vocer\u00eda precis\u00f3: \u201cDerivado de una situaci\u00f3n de riesgo registrada en la carretera Tampico\u2013Mante, a la altura del puente de Estaci\u00f3n Manuel, en la que particip\u00f3 personal militar, las autoridades competentes mantienen un despliegue operativo en la zona y realizan de manera exhaustiva las investigaciones correspondientes, con el objetivo de esclarecer los hechos plenamente y en su caso deslindar las responsabilidades.\u201d<\/p>\n\n\n\n<p>Asimismo, reiter\u00f3 su compromiso de actualizar la informaci\u00f3n oficial conforme se reciban los reportes de las dependencias participantes en el operativo.<\/p>\n","protected":false},"excerpt":{"rendered":"<p>El ataque dej\u00f3 sin vida a siete personas. Un ataque armado registrado en el tramo&#8230;<\/p>\n","protected":false},"author":1,"featured_media":1674,"comment_status":"open","ping_status":"closed","sticky":false,"template":"","format":"standard","meta":{"footnotes":""},"categories":[5],"tags":[],"class_list":["post-1673","post","type-post","status-publish","format-standard","has-post-thumbnail","hentry","category-tamaulipas"],"_links":{"self":[{"href":"https:\/\/agridulcenoticias.com\/index.php\/wp-json\/wp\/v2\/posts\/1673","targetHints":{"allow":["GET"]}}],"collection":[{"href":"https:\/\/agridulcenoticias.com\/index.php\/wp-json\/wp\/v2\/posts"}],"about":[{"href":"https:\/\/agridulcenoticias.com\/index.php\/wp-json\/wp\/v2\/types\/post"}],"author":[{"embeddable":true,"href":"https:\/\/agridulcenoticias.com\/index.php\/wp-json\/wp\/v2\/users\/1"}],"replies":[{"embeddable":true,"href":"https:\/\/agridulcenoticias.com\/index.php\/wp-json\/wp\/v2\/comments?post=1673"}],"version-history":[{"count":1,"href":"https:\/\/agridulcenoticias.com\/index.php\/wp-json\/wp\/v2\/posts\/1673\/revisions"}],"predecessor-version":[{"id":1675,"href":"https:\/\/agridulcenoticias.com\/index.php\/wp-json\/wp\/v2\/posts\/1673\/revisions\/1675"}],"wp:featuredmedia":[{"embeddable":true,"href":"https:\/\/agridulcenoticias.com\/index.php\/wp-json\/wp\/v2\/media\/1674"}],"wp:attachment":[{"href":"https:\/\/agridulcenoticias.com\/index.php\/wp-json\/wp\/v2\/media?parent=1673"}],"wp:term":[{"taxonomy":"category","embeddable":true,"href":"https:\/\/agridulcenoticias.com\/index.php\/wp-json\/wp\/v2\/categories?post=1673"},{"taxonomy":"post_tag","embeddable":true,"href":"https:\/\/agridulcenoticias.com\/index.php\/wp-json\/wp\/v2\/tags?post=1673"}],"curies":[{"name":"wp","href":"https:\/\/api.w.org\/{rel}","templated":true}]}}