{"id":1691,"date":"2025-10-07T21:55:37","date_gmt":"2025-10-08T03:55:37","guid":{"rendered":"https:\/\/agridulcenoticias.com\/?p=1691"},"modified":"2025-10-07T21:55:38","modified_gmt":"2025-10-08T03:55:38","slug":"sheinbaum-alerta-peligrosidad-del-huracan-priscilla-seria-categoria-3","status":"publish","type":"post","link":"https:\/\/agridulcenoticias.com\/index.php\/2025\/10\/07\/sheinbaum-alerta-peligrosidad-del-huracan-priscilla-seria-categoria-3\/","title":{"rendered":"Sheinbaum alerta peligrosidad del hurac\u00e1n \u2018Priscilla\u2019; ser\u00eda categor\u00eda 3"},"content":{"rendered":"\n<p>La presidenta Claudia Sheinbaum expuso que los tres \u00f3rdenes de gobierno est\u00e1n coordinados y preparados ante el hurac\u00e1n \u2018Priscilla\u2019<\/p>\n\n\n\n<p>La presidenta Claudia Sheinbaum alert\u00f3 sobre la peligrosidad del hurac\u00e1n \u2018Priscilla\u2018.<\/p>\n\n\n\n<p>Mediante redes sociales inform\u00f3 que se prev\u00e9 que se intensifique a categor\u00eda 3 la tarde de este martes 7 de octubre.<\/p>\n\n\n\n<p>Sheinbaum Pardo expuso que los tres \u00f3rdenes de gobierno est\u00e1n coordinados y preparados en Los Cabos, Baja California Sur, donde se prev\u00e9n fuertes lluvias.<\/p>\n\n\n\n<p>Hurac\u00e1n \u2018Priscilla\u2019 ocasionar\u00e1 lluvias intensas<\/p>\n\n\n\n<p>Actualmente, el hurac\u00e1n \u2018Priscilla\u2019 es de categor\u00eda 2, se ubica al sur de Cabo San Lucas, BCS y se desplaza hacia el noroeste a 17 km\/h.<\/p>\n\n\n\n<p>El pron\u00f3stico meteorol\u00f3gico indica que el cicl\u00f3n podr\u00eda fortalecerse a hurac\u00e1n categor\u00eda 3 en las pr\u00f3ximas 24 horas.<\/p>\n\n\n\n<p>Las bandas nubosas de \u2018Priscilla\u2019 ocasionar\u00e1n lluvias intensas al sur de Baja California Sur, al centro y sur de Sinaloa y el norte y centro de Nayarit.<\/p>\n\n\n\n<p>Tambi\u00e9n se esperan lluvias fuertes en Jalisco y Colima.<\/p>\n\n\n\n<p>Las lluvias podr\u00edan estar acompa\u00f1adas de descargas el\u00e9ctricas y ocasionar encharcamientos, deslaves e inundaciones.<\/p>\n\n\n\n<p>Asimismo se esperan fuertes rachas de viento que podr\u00edan derribar \u00e1rboles y anuncios publicitarios.<\/p>\n","protected":false},"excerpt":{"rendered":"<p>La presidenta Claudia Sheinbaum expuso que los tres \u00f3rdenes de gobierno est\u00e1n coordinados y preparados&#8230;<\/p>\n","protected":false},"author":1,"featured_media":1692,"comment_status":"open","ping_status":"closed","sticky":false,"template":"","format":"standard","meta":{"footnotes":""},"categories":[14],"tags":[],"class_list":["post-1691","post","type-post","status-publish","format-standard","has-post-thumbnail","hentry","category-nacional"],"_links":{"self":[{"href":"https:\/\/agridulcenoticias.com\/index.php\/wp-json\/wp\/v2\/posts\/1691","targetHints":{"allow":["GET"]}}],"collection":[{"href":"https:\/\/agridulcenoticias.com\/index.php\/wp-json\/wp\/v2\/posts"}],"about":[{"href":"https:\/\/agridulcenoticias.com\/index.php\/wp-json\/wp\/v2\/types\/post"}],"author":[{"embeddable":true,"href":"https:\/\/agridulcenoticias.com\/index.php\/wp-json\/wp\/v2\/users\/1"}],"replies":[{"embeddable":true,"href":"https:\/\/agridulcenoticias.com\/index.php\/wp-json\/wp\/v2\/comments?post=1691"}],"version-history":[{"count":1,"href":"https:\/\/agridulcenoticias.com\/index.php\/wp-json\/wp\/v2\/posts\/1691\/revisions"}],"predecessor-version":[{"id":1693,"href":"https:\/\/agridulcenoticias.com\/index.php\/wp-json\/wp\/v2\/posts\/1691\/revisions\/1693"}],"wp:featuredmedia":[{"embeddable":true,"href":"https:\/\/agridulcenoticias.com\/index.php\/wp-json\/wp\/v2\/media\/1692"}],"wp:attachment":[{"href":"https:\/\/agridulcenoticias.com\/index.php\/wp-json\/wp\/v2\/media?parent=1691"}],"wp:term":[{"taxonomy":"category","embeddable":true,"href":"https:\/\/agridulcenoticias.com\/index.php\/wp-json\/wp\/v2\/categories?post=1691"},{"taxonomy":"post_tag","embeddable":true,"href":"https:\/\/agridulcenoticias.com\/index.php\/wp-json\/wp\/v2\/tags?post=1691"}],"curies":[{"name":"wp","href":"https:\/\/api.w.org\/{rel}","templated":true}]}}