{"id":1832,"date":"2025-10-12T14:24:30","date_gmt":"2025-10-12T20:24:30","guid":{"rendered":"https:\/\/agridulcenoticias.com\/?p=1832"},"modified":"2025-10-12T14:24:31","modified_gmt":"2025-10-12T20:24:31","slug":"teleton-supera-la-meta-y-recauda-mas-de-426-mdp","status":"publish","type":"post","link":"https:\/\/agridulcenoticias.com\/index.php\/2025\/10\/12\/teleton-supera-la-meta-y-recauda-mas-de-426-mdp\/","title":{"rendered":"Telet\u00f3n supera la meta y recauda m\u00e1s de 426 MDP"},"content":{"rendered":"\n<p>La misi\u00f3n de Telet\u00f3n M\u00e9xico es elevar la calidad de vida de las personas con discapacidad, autismo y c\u00e1ncer, promoviendo su plena inclusi\u00f3n.<\/p>\n\n\n\n<p>Por primera vez, el Telet\u00f3n se realiz\u00f3 en octubre y no en diciembre.<\/p>\n\n\n\n<p>En 2024 se reunieron 420 millones 770 mil 69 pesos, con lo que la meta fue superada por amplio margen.<\/p>\n\n\n\n<p>Telet\u00f3n M\u00e9xico inici\u00f3 la atenci\u00f3n de ni\u00f1os con discapacidad en 1997 a trav\u00e9s de los Centros de Rehabilitaci\u00f3n e Inclusi\u00f3n Infantil Telet\u00f3n, mejor conocidos como CRIT.<\/p>\n\n\n\n<p>Cada a\u00f1o se realiza un gran evento que re\u00fane a decenas de artistas y celebridades para recaudar fondos que ayuden a la atenci\u00f3n integral y de calidad que se ofrecen en los CRIT.<\/p>\n\n\n\n<p>La misi\u00f3n de Telet\u00f3n M\u00e9xico es elevar la calidad de vida de las personas con discapacidad, autismo y c\u00e1ncer, promoviendo su plena inclusi\u00f3n.<\/p>\n","protected":false},"excerpt":{"rendered":"<p>La misi\u00f3n de Telet\u00f3n M\u00e9xico es elevar la calidad de vida de las personas con&#8230;<\/p>\n","protected":false},"author":1,"featured_media":1833,"comment_status":"open","ping_status":"closed","sticky":false,"template":"","format":"standard","meta":{"footnotes":""},"categories":[14],"tags":[],"class_list":["post-1832","post","type-post","status-publish","format-standard","has-post-thumbnail","hentry","category-nacional"],"_links":{"self":[{"href":"https:\/\/agridulcenoticias.com\/index.php\/wp-json\/wp\/v2\/posts\/1832","targetHints":{"allow":["GET"]}}],"collection":[{"href":"https:\/\/agridulcenoticias.com\/index.php\/wp-json\/wp\/v2\/posts"}],"about":[{"href":"https:\/\/agridulcenoticias.com\/index.php\/wp-json\/wp\/v2\/types\/post"}],"author":[{"embeddable":true,"href":"https:\/\/agridulcenoticias.com\/index.php\/wp-json\/wp\/v2\/users\/1"}],"replies":[{"embeddable":true,"href":"https:\/\/agridulcenoticias.com\/index.php\/wp-json\/wp\/v2\/comments?post=1832"}],"version-history":[{"count":1,"href":"https:\/\/agridulcenoticias.com\/index.php\/wp-json\/wp\/v2\/posts\/1832\/revisions"}],"predecessor-version":[{"id":1834,"href":"https:\/\/agridulcenoticias.com\/index.php\/wp-json\/wp\/v2\/posts\/1832\/revisions\/1834"}],"wp:featuredmedia":[{"embeddable":true,"href":"https:\/\/agridulcenoticias.com\/index.php\/wp-json\/wp\/v2\/media\/1833"}],"wp:attachment":[{"href":"https:\/\/agridulcenoticias.com\/index.php\/wp-json\/wp\/v2\/media?parent=1832"}],"wp:term":[{"taxonomy":"category","embeddable":true,"href":"https:\/\/agridulcenoticias.com\/index.php\/wp-json\/wp\/v2\/categories?post=1832"},{"taxonomy":"post_tag","embeddable":true,"href":"https:\/\/agridulcenoticias.com\/index.php\/wp-json\/wp\/v2\/tags?post=1832"}],"curies":[{"name":"wp","href":"https:\/\/api.w.org\/{rel}","templated":true}]}}