{"id":1859,"date":"2025-10-13T10:32:01","date_gmt":"2025-10-13T16:32:01","guid":{"rendered":"https:\/\/agridulcenoticias.com\/?p=1859"},"modified":"2025-10-13T10:32:03","modified_gmt":"2025-10-13T16:32:03","slug":"es-un-dia-de-alegria-esperanza-y-fe-dice-trump-sobre-el-fin-de-la-guerra-en-medio-oriente","status":"publish","type":"post","link":"https:\/\/agridulcenoticias.com\/index.php\/2025\/10\/13\/es-un-dia-de-alegria-esperanza-y-fe-dice-trump-sobre-el-fin-de-la-guerra-en-medio-oriente\/","title":{"rendered":"\u201cEs un d\u00eda de alegr\u00eda, esperanza y fe\u201d, dice Trump sobre el fin de la guerra en Medio Oriente"},"content":{"rendered":"\n<p>Trump dijo que no solo es el fin de la guerra entre Israel y Ham\u00e1s sino el fin de una era de terror y muerte y el comienzo de una era de fe y esperanza<\/p>\n\n\n\n<p>El presidente Donald Trump subray\u00f3 en el Parlamento israel\u00ed (Kn\u00e9set) que este lunes, en el que se va a firmar el final de dos a\u00f1os de guerra entre Israel y Ham\u00e1s, es un d\u00eda \u201cde profunda alegr\u00eda, de gran esperanza, de fe renovada\u201c, que marca no solo el fin de un conflicto sino el de \u201cuna era de terror y muerte\u201d.<\/p>\n\n\n\n<p>Nos reunimos en un d\u00eda de profunda alegr\u00eda, de gran esperanza, de fe renovada\u201d, dijo al inicio de su intervenci\u00f3n tras haberse reunido poco antes con familiares de rehenes israel\u00edes.<\/p>\n\n\n\n<p>El l\u00edder republicano consider\u00f3 que \u201cesto no es solo el fin de una guerra, es el fin de una era de terror y muerte y el comienzo de una era de fe, esperanza y de Dios\u201c. El inicio, a\u00f1adi\u00f3, de \u201cuna armon\u00eda duradera para Israel y todas las naciones de lo que pronto ser\u00e1 una regi\u00f3n verdaderamente magn\u00edfica\u201d.<\/p>\n\n\n\n<p>Creo firmemente que este es el amanecer hist\u00f3rico de un nuevo Medio Oriente\u201d, a\u00f1adi\u00f3 entre aplausos constantes, mostrando adem\u00e1s su \u201cprofundo agradecimiento a todas las naciones del mundo \u00e1rabe y musulm\u00e1n que se unieron para presionar a Ham\u00e1s para que liberara a los rehenes y los dejara ir\u201d.<\/p>\n\n\n\n<p>Para que esto fuera posible, se\u00f1al\u00f3, se recibi\u00f3 \u201cmucha ayuda\u201d, \u201cde muchas personas que uno no sospechar\u00eda\u201d.<\/p>\n\n\n\n<p>Es un triunfo incre\u00edble para Israel y para el mundo que todas estas naciones est\u00e9n trabajando juntas como socias por la paz. Y no es algo muy com\u00fan\u201d, destac\u00f3 Trump, que este mismo lunes lleg\u00f3 a Israel.<\/p>\n\n\n\n<p>Trump hab\u00eda sido recibido en el aeropuerto de Tel Aviv por el primer ministro israel\u00ed, Benjam\u00edn Netanyahu, por el presidente del pa\u00eds, Isaac Herzog, y por miembros de la delegaci\u00f3n estadounidense que ya se encontraban en Israel, encabezados por su yerno Jared Kushner y su hija Ivanka.<\/p>\n\n\n\n<p>Tras su reuni\u00f3n con familiares de los rehenes y su intervenci\u00f3n ante la Kn\u00e9set, su agenda contin\u00faa en la ciudad balneario egipcia de Sharm el Sheij, donde est\u00e1 prevista la llamada Cumbre de Paz, a la que asistir\u00e1n m\u00e1s de treinta pa\u00edses, m\u00e1s de veinte de ellos representados por sus jefes de Estado o de Gobierno.<\/p>\n","protected":false},"excerpt":{"rendered":"<p>Trump dijo que no solo es el fin de la guerra entre Israel y Ham\u00e1s&#8230;<\/p>\n","protected":false},"author":1,"featured_media":1860,"comment_status":"open","ping_status":"closed","sticky":false,"template":"","format":"standard","meta":{"footnotes":""},"categories":[15],"tags":[],"class_list":["post-1859","post","type-post","status-publish","format-standard","has-post-thumbnail","hentry","category-internacional"],"_links":{"self":[{"href":"https:\/\/agridulcenoticias.com\/index.php\/wp-json\/wp\/v2\/posts\/1859","targetHints":{"allow":["GET"]}}],"collection":[{"href":"https:\/\/agridulcenoticias.com\/index.php\/wp-json\/wp\/v2\/posts"}],"about":[{"href":"https:\/\/agridulcenoticias.com\/index.php\/wp-json\/wp\/v2\/types\/post"}],"author":[{"embeddable":true,"href":"https:\/\/agridulcenoticias.com\/index.php\/wp-json\/wp\/v2\/users\/1"}],"replies":[{"embeddable":true,"href":"https:\/\/agridulcenoticias.com\/index.php\/wp-json\/wp\/v2\/comments?post=1859"}],"version-history":[{"count":1,"href":"https:\/\/agridulcenoticias.com\/index.php\/wp-json\/wp\/v2\/posts\/1859\/revisions"}],"predecessor-version":[{"id":1861,"href":"https:\/\/agridulcenoticias.com\/index.php\/wp-json\/wp\/v2\/posts\/1859\/revisions\/1861"}],"wp:featuredmedia":[{"embeddable":true,"href":"https:\/\/agridulcenoticias.com\/index.php\/wp-json\/wp\/v2\/media\/1860"}],"wp:attachment":[{"href":"https:\/\/agridulcenoticias.com\/index.php\/wp-json\/wp\/v2\/media?parent=1859"}],"wp:term":[{"taxonomy":"category","embeddable":true,"href":"https:\/\/agridulcenoticias.com\/index.php\/wp-json\/wp\/v2\/categories?post=1859"},{"taxonomy":"post_tag","embeddable":true,"href":"https:\/\/agridulcenoticias.com\/index.php\/wp-json\/wp\/v2\/tags?post=1859"}],"curies":[{"name":"wp","href":"https:\/\/api.w.org\/{rel}","templated":true}]}}