{"id":1862,"date":"2025-10-13T10:35:52","date_gmt":"2025-10-13T16:35:52","guid":{"rendered":"https:\/\/agridulcenoticias.com\/?p=1862"},"modified":"2025-10-13T10:35:53","modified_gmt":"2025-10-13T16:35:53","slug":"israel-da-por-concluida-la-liberacion-de-presos-palestinos","status":"publish","type":"post","link":"https:\/\/agridulcenoticias.com\/index.php\/2025\/10\/13\/israel-da-por-concluida-la-liberacion-de-presos-palestinos\/","title":{"rendered":"Israel da por concluida la liberaci\u00f3n de presos palestinos"},"content":{"rendered":"\n<p>La liberaci\u00f3n de mil 968 presos palestinos forma parte del acuerdo de alto al fuego entre Israel y el grupo Ham\u00e1s<\/p>\n\n\n\n<p>El Servicio de Prisiones de Israel dio por concluida la liberaci\u00f3n de presos palestinos prevista para este lunes 13 de octubre de 2025, luego de trasladar a los que quedaban a la Franja de Gaza y a Egipto desde Ramala, adonde hab\u00edan sido transportados por la ma\u00f1ana.<\/p>\n\n\n\n<p>La agencia EFE atestigu\u00f3 desde el Hospital Nasser de Jan Yunis, en el sur de Gaza, la llegada de los cinco primeros autobuses con presos palestinos, si bien se espera que m\u00e1s veh\u00edculos lleguen en las pr\u00f3ximas horas.<\/p>\n\n\n\n<p>\u201cEl Servicio de Prisiones de Israel concluye la liberaci\u00f3n de terroristas encarcelados de acuerdo con lo pactado para el retorno de los rehenes\u201d, inform\u00f3 la instituci\u00f3n, que asegur\u00f3 que los mil 968 presos cuya liberaci\u00f3n estaba prevista para hoy, a cambio de los rehenes israel\u00edes, est\u00e1n ya en sus respectivos destinos.<\/p>\n\n\n\n<p>Israel utiliza el t\u00e9rmino \u201cterroristas\u201d para referirse a cualquier detenido palestino que pudiera haber atacado a israel\u00edes, si bien entre los liberados en Gaza unos 1.718 son personas capturadas durante la guerra y contra las que no se presentaron cargos o sin relaci\u00f3n directa con los ataques del 7 de octubre.<\/p>\n\n\n\n<p>De los 250 presos con cadenas perpetuas o de larga duraci\u00f3n liberados este lunes, s\u00f3lo ocho fueron llevados a Gaza. Otros 154 fueron deportados a Egipto y, los \u00faltimos 88, distribuidos entre Cisjordania y Jerusal\u00e9n.<\/p>\n\n\n\n<p>Seg\u00fan el Servicio de Prisiones de Israel, los presos fueron llevados desde distintas c\u00e1rceles del pa\u00eds a las de Ofer y Ketziot y, una vez se confirm\u00f3 que los 20 rehenes vivos liberados por Ham\u00e1s estaban fuera de la Franja, la Cruz Roja inici\u00f3 el traslado de los 1.968 a los distintos destinos.<\/p>\n\n\n\n<p>Miles de personas esperaban este lunes en las afueras del Hospital Nasser de Jan Yunis, en el sur de Gaza, a la llegada de los autobuses cargados de prisioneros que accedieron al enclave a trav\u00e9s del paso de Kerem Shalom (en el extremo sureste de Gaza).<\/p>\n\n\n\n<p>Al momento de la llegada de la procesi\u00f3n de cinco autobuses con los presos, la multitud se agolp\u00f3 contra los veh\u00edculos, entre aplausos y palmadas contra la propia chapa de estos.<\/p>\n\n\n\n<p>Los prisioneros, ataviados con el ch\u00e1ndal gris que les entregan en las c\u00e1rceles israel\u00edes, se agolparon en las ventanas de los veh\u00edculos, junt\u00e1ndose hasta tres personas con pr\u00e1cticamente la mitad del cuerpo sobresaliendo fuera del bus.<\/p>\n\n\n\n<p>En el Nasser, las autoridades gazat\u00edes dispusieron un enorme espacio con sillas de pl\u00e1stico para que las familias de los presos esperaran para recibirles.<\/p>\n\n\n\n<p>Adem\u00e1s, el lugar de la recepci\u00f3n estuvo repleto de equipos de seguridad dispuestos por el Gobierno de Ham\u00e1s en el enclave (seg\u00fan el Ejecutivo gazat\u00ed, se desplegaron a unas siete mil personas para llevar a cabo las distintas labores para la recepci\u00f3n de los detenidos.<\/p>\n","protected":false},"excerpt":{"rendered":"<p>La liberaci\u00f3n de mil 968 presos palestinos forma parte del acuerdo de alto al fuego&#8230;<\/p>\n","protected":false},"author":1,"featured_media":1863,"comment_status":"open","ping_status":"closed","sticky":false,"template":"","format":"standard","meta":{"footnotes":""},"categories":[15],"tags":[],"class_list":["post-1862","post","type-post","status-publish","format-standard","has-post-thumbnail","hentry","category-internacional"],"_links":{"self":[{"href":"https:\/\/agridulcenoticias.com\/index.php\/wp-json\/wp\/v2\/posts\/1862","targetHints":{"allow":["GET"]}}],"collection":[{"href":"https:\/\/agridulcenoticias.com\/index.php\/wp-json\/wp\/v2\/posts"}],"about":[{"href":"https:\/\/agridulcenoticias.com\/index.php\/wp-json\/wp\/v2\/types\/post"}],"author":[{"embeddable":true,"href":"https:\/\/agridulcenoticias.com\/index.php\/wp-json\/wp\/v2\/users\/1"}],"replies":[{"embeddable":true,"href":"https:\/\/agridulcenoticias.com\/index.php\/wp-json\/wp\/v2\/comments?post=1862"}],"version-history":[{"count":1,"href":"https:\/\/agridulcenoticias.com\/index.php\/wp-json\/wp\/v2\/posts\/1862\/revisions"}],"predecessor-version":[{"id":1864,"href":"https:\/\/agridulcenoticias.com\/index.php\/wp-json\/wp\/v2\/posts\/1862\/revisions\/1864"}],"wp:featuredmedia":[{"embeddable":true,"href":"https:\/\/agridulcenoticias.com\/index.php\/wp-json\/wp\/v2\/media\/1863"}],"wp:attachment":[{"href":"https:\/\/agridulcenoticias.com\/index.php\/wp-json\/wp\/v2\/media?parent=1862"}],"wp:term":[{"taxonomy":"category","embeddable":true,"href":"https:\/\/agridulcenoticias.com\/index.php\/wp-json\/wp\/v2\/categories?post=1862"},{"taxonomy":"post_tag","embeddable":true,"href":"https:\/\/agridulcenoticias.com\/index.php\/wp-json\/wp\/v2\/tags?post=1862"}],"curies":[{"name":"wp","href":"https:\/\/api.w.org\/{rel}","templated":true}]}}